{"id":8009,"date":"2020-07-28T03:20:56","date_gmt":"2020-07-28T03:20:56","guid":{"rendered":"http:\/\/noticiastelered.com\/PortalDNoticias\/?p=8009"},"modified":"2020-07-28T03:20:59","modified_gmt":"2020-07-28T03:20:59","slug":"ios-revela-acceso-inapropidado-de-instagram-a-la-camara","status":"publish","type":"post","link":"http:\/\/noticiastelered.com\/PortalDNoticias\/ios-revela-acceso-inapropidado-de-instagram-a-la-camara\/","title":{"rendered":"iOS revela acceso inapropidado de Instagram a la c\u00e1mara"},"content":{"rendered":"<p>MADRID.- Una falla en Instagram detectada por la beta de iOS 14 activa la c\u00e1mara y el micr\u00f3fono cuando el usuario est\u00e1 navegando por el \u2018feed\u2019 y no haciendo uso de las funciones que requieren estos dos elementos del tel\u00e9fono.<\/p>\n<p>La \u00faltima versi\u00f3n del sistema operativo m\u00f3vil de Apple sigue en pruebas, y en una de ellas, un usuario ha detectado que cuando abre la aplicaci\u00f3n Instagram y navega por el \u2018feed\u2019, se activa el indicador de uso de la c\u00e1mara del m\u00f3vil.<\/p>\n<p>Seg\u00fan explica en un hilo de conversaci\u00f3n en Twitter, ha detectado que sin estar usando la c\u00e1mara en la aplicaci\u00f3n, se activa la luz verde, que indica, precisamente, que est\u00e1n en uso la c\u00e1mara y el micr\u00f3fono. Cuando se trata s\u00f3lo del micr\u00f3fono, la luz es naranja.<\/p>\n<blockquote class=\"twitter-tweet\">\n<p lang=\"en\" dir=\"ltr\">Casually browsing Instagram when suddenly the new iOS 14 camera\/microphone indicator comes on. Then control panel ratted out the app behind it. This is going to change things. <a href=\"https:\/\/twitter.com\/hashtag\/iOS14?src=hash&amp;ref_src=twsrc%5Etfw\">#iOS14<\/a> <a href=\"https:\/\/t.co\/EnTIRsqq3R\">pic.twitter.com\/EnTIRsqq3R<\/a><\/p>\n<p>\u2014 KevDoy (@KevDoy) <a href=\"https:\/\/twitter.com\/KevDoy\/status\/1283987495948914689?ref_src=twsrc%5Etfw\">July 17, 2020<\/a><\/p><\/blockquote>\n<p><script async=\"\" src=\"https:\/\/platform.twitter.com\/widgets.js\" charset=\"utf-8\"><\/script><\/p>\n<p>Instagram ha asegurado a The Verge que este comportamiento es una falla y que ya lo han corregido. En un comunicado, ha se\u00f1alado que la aplicaci\u00f3n solo accede a la c\u00e1mara cuando lo pide el usuario, como cuando pasa del \u201cfeed\u201d a la c\u00e1mara.<\/p>\n<p>Este indicador forma parte de una de las nuevas funciones de privacidad iOS 14, que notifica al usuario cuando detecta que una aplicaci\u00f3n accede a determinados elementos del smartphone. A principios de julio, esta beta mostr\u00f3 que aplicaciones como LinkedIn o TikTok acceden al portapapeles de los dispositivos m\u00f3viles continuamente y de forma regular.<\/p>\n<p>CON INFORMACI\u00d3N DE PROCESO<\/p>\n<p><!-- Composite Start --><\/p>\n<div id=\"M240110ScriptRootC290005\">\n<div id=\"M240110PreloadC290005\"> Loading&#8230;<\/div>\n<p><script> (function(){ var D=new Date(),d=document,b='body',ce='createElement',ac='appendChild',st='style',ds='display',n='none',gi='getElementById',lp=d.location.protocol,wp=lp.indexOf('http')==0?lp:'https:'; var i=d[ce]('iframe');i[st][ds]=n;d[gi](\"M240110ScriptRootC290005\")[ac](i);try{var iw=i.contentWindow.document;iw.open();iw.writeln(\"<ht\"+\"ml><bo\"+\"dy><\/bo\"+\"dy><\/ht\"+\"ml>\");iw.close();var c=iw[b];} catch(e){var iw=d;var c=d[gi](\"M240110ScriptRootC290005\");}var dv=iw[ce]('div');dv.id=\"MG_ID\";dv[st][ds]=n;dv.innerHTML=290005;c[ac](dv); var s=iw[ce]('script');s.async='async';s.defer='defer';s.charset='utf-8';s.src=wp+\"\/\/jsc.mgid.com\/n\/o\/noticiastelered.com.290005.js?t=\"+D.getYear()+D.getMonth()+D.getUTCDate()+D.getUTCHours();c[ac](s);})(); <\/script><\/p>\n<\/div>\n<p><!-- Composite End --><\/p>\n","protected":false},"excerpt":{"rendered":"<p>MADRID.- Una falla en Instagram detectada por la beta de iOS 14 activa la c\u00e1mara y el micr\u00f3fono cuando el usuario est\u00e1 navegando por el \u2018feed\u2019 y no haciendo uso de las funciones que requieren estos dos elementos del tel\u00e9fono. [&hellip;]<\/p>\n","protected":false},"author":3,"featured_media":8011,"comment_status":"open","ping_status":"open","sticky":false,"template":"","format":"standard","meta":[],"categories":[65],"tags":[],"_links":{"self":[{"href":"http:\/\/noticiastelered.com\/PortalDNoticias\/wp-json\/wp\/v2\/posts\/8009"}],"collection":[{"href":"http:\/\/noticiastelered.com\/PortalDNoticias\/wp-json\/wp\/v2\/posts"}],"about":[{"href":"http:\/\/noticiastelered.com\/PortalDNoticias\/wp-json\/wp\/v2\/types\/post"}],"author":[{"embeddable":true,"href":"http:\/\/noticiastelered.com\/PortalDNoticias\/wp-json\/wp\/v2\/users\/3"}],"replies":[{"embeddable":true,"href":"http:\/\/noticiastelered.com\/PortalDNoticias\/wp-json\/wp\/v2\/comments?post=8009"}],"version-history":[{"count":1,"href":"http:\/\/noticiastelered.com\/PortalDNoticias\/wp-json\/wp\/v2\/posts\/8009\/revisions"}],"predecessor-version":[{"id":8012,"href":"http:\/\/noticiastelered.com\/PortalDNoticias\/wp-json\/wp\/v2\/posts\/8009\/revisions\/8012"}],"wp:featuredmedia":[{"embeddable":true,"href":"http:\/\/noticiastelered.com\/PortalDNoticias\/wp-json\/wp\/v2\/media\/8011"}],"wp:attachment":[{"href":"http:\/\/noticiastelered.com\/PortalDNoticias\/wp-json\/wp\/v2\/media?parent=8009"}],"wp:term":[{"taxonomy":"category","embeddable":true,"href":"http:\/\/noticiastelered.com\/PortalDNoticias\/wp-json\/wp\/v2\/categories?post=8009"},{"taxonomy":"post_tag","embeddable":true,"href":"http:\/\/noticiastelered.com\/PortalDNoticias\/wp-json\/wp\/v2\/tags?post=8009"}],"curies":[{"name":"wp","href":"https:\/\/api.w.org\/{rel}","templated":true}]}}