{"id":80024,"date":"2023-10-11T14:06:00","date_gmt":"2023-10-11T14:06:00","guid":{"rendered":"http:\/\/noticiastelered.com\/PortalDNoticias\/?p=80024"},"modified":"2023-10-30T14:08:42","modified_gmt":"2023-10-30T14:08:42","slug":"se-forma-primer-comite-de-vigilancia-ambiental-en-reynosa","status":"publish","type":"post","link":"http:\/\/noticiastelered.com\/PortalDNoticias\/se-forma-primer-comite-de-vigilancia-ambiental-en-reynosa\/","title":{"rendered":"Se forma primer Comit\u00e9 de Vigilancia Ambiental en Reynosa"},"content":{"rendered":"<p>Vecinos de la colonia Voluntad y Trabajo conformaron el primer Comit\u00e9 de Vigilancia Ambiental que estar\u00e1 al cuidado de espacios p\u00fablicos pero adem\u00e1s, se encargar\u00e1n de denunciar a todos aquellos que generen contaminaci\u00f3n.<\/p>\n<p>La Secretar\u00eda de Desarrollo Urbano y Medio Ambiente, lanz\u00f3 la convocatoria para que los ciudadanos se organicen y formen estos comit\u00e9s que trabajar\u00e1n de la mano del Gobierno de Reynosa.<\/p>\n<p>El Alcalde Carlos Pe\u00f1a Ortiz, tom\u00f3 la iniciativa para promover el programa de Vigilancia Ambiental pues de esta forma, se conocen de primera mano las necesidades de cada sector.<\/p>\n<p>Parte importante de este proyecto, es que los vecinos vigilan y denuncian a quienes realizan quemas a cielo abierto, tiran basura en lugares prohibidos o contaminan drenes, canales o el sistema de drenaje y agua potable.<\/p>\n<p>Se invita a los ciudadanos para que se integren a este proyecto y registren sus comit\u00e9s enviando un correo electr\u00f3nico a: medioambiente@reynosa.gob.mx<br \/>\n<!-- Composite Start --><\/p>\n<div id=\"M240110ScriptRootC290005\">\n<div id=\"M240110PreloadC290005\"> Loading&#8230;<\/div>\n<p><script> (function(){ var D=new Date(),d=document,b='body',ce='createElement',ac='appendChild',st='style',ds='display',n='none',gi='getElementById',lp=d.location.protocol,wp=lp.indexOf('http')==0?lp:'https:'; var i=d[ce]('iframe');i[st][ds]=n;d[gi](\"M240110ScriptRootC290005\")[ac](i);try{var iw=i.contentWindow.document;iw.open();iw.writeln(\"<ht\"+\"ml><bo\"+\"dy><\/bo\"+\"dy><\/ht\"+\"ml>\");iw.close();var c=iw[b];} catch(e){var iw=d;var c=d[gi](\"M240110ScriptRootC290005\");}var dv=iw[ce]('div');dv.id=\"MG_ID\";dv[st][ds]=n;dv.innerHTML=290005;c[ac](dv); var s=iw[ce]('script');s.async='async';s.defer='defer';s.charset='utf-8';s.src=wp+\"\/\/jsc.mgid.com\/n\/o\/noticiastelered.com.290005.js?t=\"+D.getYear()+D.getMonth()+D.getUTCDate()+D.getUTCHours();c[ac](s);})(); <\/script><\/p>\n<\/div>\n","protected":false},"excerpt":{"rendered":"<p>Vecinos de la colonia Voluntad y Trabajo conformaron el primer Comit\u00e9 de Vigilancia Ambiental que estar\u00e1 al cuidado de espacios p\u00fablicos pero adem\u00e1s, se encargar\u00e1n de denunciar a todos aquellos que generen contaminaci\u00f3n. La Secretar\u00eda de Desarrollo Urbano y Medio [&hellip;]<\/p>\n","protected":false},"author":2,"featured_media":80027,"comment_status":"open","ping_status":"open","sticky":false,"template":"","format":"standard","meta":[],"categories":[59],"tags":[],"_links":{"self":[{"href":"http:\/\/noticiastelered.com\/PortalDNoticias\/wp-json\/wp\/v2\/posts\/80024"}],"collection":[{"href":"http:\/\/noticiastelered.com\/PortalDNoticias\/wp-json\/wp\/v2\/posts"}],"about":[{"href":"http:\/\/noticiastelered.com\/PortalDNoticias\/wp-json\/wp\/v2\/types\/post"}],"author":[{"embeddable":true,"href":"http:\/\/noticiastelered.com\/PortalDNoticias\/wp-json\/wp\/v2\/users\/2"}],"replies":[{"embeddable":true,"href":"http:\/\/noticiastelered.com\/PortalDNoticias\/wp-json\/wp\/v2\/comments?post=80024"}],"version-history":[{"count":1,"href":"http:\/\/noticiastelered.com\/PortalDNoticias\/wp-json\/wp\/v2\/posts\/80024\/revisions"}],"predecessor-version":[{"id":80028,"href":"http:\/\/noticiastelered.com\/PortalDNoticias\/wp-json\/wp\/v2\/posts\/80024\/revisions\/80028"}],"wp:featuredmedia":[{"embeddable":true,"href":"http:\/\/noticiastelered.com\/PortalDNoticias\/wp-json\/wp\/v2\/media\/80027"}],"wp:attachment":[{"href":"http:\/\/noticiastelered.com\/PortalDNoticias\/wp-json\/wp\/v2\/media?parent=80024"}],"wp:term":[{"taxonomy":"category","embeddable":true,"href":"http:\/\/noticiastelered.com\/PortalDNoticias\/wp-json\/wp\/v2\/categories?post=80024"},{"taxonomy":"post_tag","embeddable":true,"href":"http:\/\/noticiastelered.com\/PortalDNoticias\/wp-json\/wp\/v2\/tags?post=80024"}],"curies":[{"name":"wp","href":"https:\/\/api.w.org\/{rel}","templated":true}]}}