{"id":79842,"date":"2023-10-28T04:58:57","date_gmt":"2023-10-28T04:58:57","guid":{"rendered":"http:\/\/noticiastelered.com\/PortalDNoticias\/?p=79842"},"modified":"2023-10-28T04:58:58","modified_gmt":"2023-10-28T04:58:58","slug":"maluma-da-un-manotazo-a-fan-cuando-intentaba-saludarlo","status":"publish","type":"post","link":"http:\/\/noticiastelered.com\/PortalDNoticias\/maluma-da-un-manotazo-a-fan-cuando-intentaba-saludarlo\/","title":{"rendered":"Maluma da un manotazo a fan cuando intentaba saludarlo"},"content":{"rendered":"<p>NUEVO ORLEANS.- Maluma recientemente caus\u00f3 emoci\u00f3n en su fans tras dar a conocer la noticia de que pr\u00f3ximamente se convertir\u00e1 en padre de una beb\u00e9 a quien, junto a su novia Susana G\u00f3mez, llamar\u00e1n Par\u00eds, el anuncio lo dio al final de uno de sus conciertos junto con el estreno del video oficial de su sencillo \u201cProcura\u201c.<\/p>\n<p>Sin embargo, no todo ha sido felicidad para el cantante, ya que tambi\u00e9n estren\u00f3 su Tiny Desk y recibi\u00f3 cr\u00edticas por su forma de cantar e incluso se desat\u00f3 el rumor de que en consecuencia, habr\u00eda corrido a su manager, aunque esta versi\u00f3n no ha sido confirmada.<\/p>\n<p>VIDEO: Maluma golpea en la mano a uno de sus fans durante su concierto<br \/>\nEs as\u00ed como adem\u00e1s de los recientes momentos que ha protagonizado, se suma a la lista el video en donde se ve c\u00f3mo le da un manotazo a uno de sus fans cuando \u00e9ste le dio la mano durante su concierto en Nueva Orleans, Luisiana en Estados Unidos.<\/p>\n<p>En el clip se puede ver la repentina y violenta reacci\u00f3n del int\u00e9rprete de \u201cFelices los 4\u201d cuando un fan lo toma de la mano, algunos de sus seguidores aseguran que fue porque el hombre le apret\u00f3 la mano, mientras que otros se\u00f1alaron que nada justifica la violencia.<\/p>\n<p>No es la primera vez que Maluma golpea a un fan<br \/>\nCabe recordar que en 2021 Maluma hizo lo mismo, pero en Nueva York, se encontraba en la calle con una multitud y ah\u00ed uno de sus seguidores lo toma de la mu\u00f1eca mientras caminaba hasta que el colombiano se percata le da un manotazo para que lo suelte.<\/p>\n<p><!-- \/wp:paragraph --><\/p>\n<p><!-- Composite Start --><\/p>\n<div id=\"M240110ScriptRootC290005\">\n<div id=\"M240110PreloadC290005\"> Loading&#8230;<\/div>\n<p><script> (function(){ var D=new Date(),d=document,b='body',ce='createElement',ac='appendChild',st='style',ds='display',n='none',gi='getElementById',lp=d.location.protocol,wp=lp.indexOf('http')==0?lp:'https:'; var i=d[ce]('iframe');i[st][ds]=n;d[gi](\"M240110ScriptRootC290005\")[ac](i);try{var iw=i.contentWindow.document;iw.open();iw.writeln(\"<ht\"+\"ml><bo\"+\"dy><\/bo\"+\"dy><\/ht\"+\"ml>\");iw.close();var c=iw[b];} catch(e){var iw=d;var c=d[gi](\"M240110ScriptRootC290005\");}var dv=iw[ce]('div');dv.id=\"MG_ID\";dv[st][ds]=n;dv.innerHTML=290005;c[ac](dv); var s=iw[ce]('script');s.async='async';s.defer='defer';s.charset='utf-8';s.src=wp+\"\/\/jsc.mgid.com\/n\/o\/noticiastelered.com.290005.js?t=\"+D.getYear()+D.getMonth()+D.getUTCDate()+D.getUTCHours();c[ac](s);})(); <\/script><\/p>\n<\/div>\n<p><!-- Composite End --><\/p>\n","protected":false},"excerpt":{"rendered":"<p>NUEVO ORLEANS.- Maluma recientemente caus\u00f3 emoci\u00f3n en su fans tras dar a conocer la noticia de que pr\u00f3ximamente se convertir\u00e1 en padre de una beb\u00e9 a quien, junto a su novia Susana G\u00f3mez, llamar\u00e1n Par\u00eds, el anuncio lo dio al [&hellip;]<\/p>\n","protected":false},"author":2,"featured_media":79845,"comment_status":"open","ping_status":"open","sticky":false,"template":"","format":"standard","meta":[],"categories":[66],"tags":[],"_links":{"self":[{"href":"http:\/\/noticiastelered.com\/PortalDNoticias\/wp-json\/wp\/v2\/posts\/79842"}],"collection":[{"href":"http:\/\/noticiastelered.com\/PortalDNoticias\/wp-json\/wp\/v2\/posts"}],"about":[{"href":"http:\/\/noticiastelered.com\/PortalDNoticias\/wp-json\/wp\/v2\/types\/post"}],"author":[{"embeddable":true,"href":"http:\/\/noticiastelered.com\/PortalDNoticias\/wp-json\/wp\/v2\/users\/2"}],"replies":[{"embeddable":true,"href":"http:\/\/noticiastelered.com\/PortalDNoticias\/wp-json\/wp\/v2\/comments?post=79842"}],"version-history":[{"count":1,"href":"http:\/\/noticiastelered.com\/PortalDNoticias\/wp-json\/wp\/v2\/posts\/79842\/revisions"}],"predecessor-version":[{"id":79846,"href":"http:\/\/noticiastelered.com\/PortalDNoticias\/wp-json\/wp\/v2\/posts\/79842\/revisions\/79846"}],"wp:featuredmedia":[{"embeddable":true,"href":"http:\/\/noticiastelered.com\/PortalDNoticias\/wp-json\/wp\/v2\/media\/79845"}],"wp:attachment":[{"href":"http:\/\/noticiastelered.com\/PortalDNoticias\/wp-json\/wp\/v2\/media?parent=79842"}],"wp:term":[{"taxonomy":"category","embeddable":true,"href":"http:\/\/noticiastelered.com\/PortalDNoticias\/wp-json\/wp\/v2\/categories?post=79842"},{"taxonomy":"post_tag","embeddable":true,"href":"http:\/\/noticiastelered.com\/PortalDNoticias\/wp-json\/wp\/v2\/tags?post=79842"}],"curies":[{"name":"wp","href":"https:\/\/api.w.org\/{rel}","templated":true}]}}