{"id":79592,"date":"2023-10-24T22:07:36","date_gmt":"2023-10-24T22:07:36","guid":{"rendered":"http:\/\/noticiastelered.com\/PortalDNoticias\/?p=79592"},"modified":"2023-10-24T22:07:38","modified_gmt":"2023-10-24T22:07:38","slug":"fiscalia-de-tamaulipas-oculto-por-anos-cuerpos-de-victimas-de-la-semar","status":"publish","type":"post","link":"http:\/\/noticiastelered.com\/PortalDNoticias\/fiscalia-de-tamaulipas-oculto-por-anos-cuerpos-de-victimas-de-la-semar\/","title":{"rendered":"FISCAL\u00cdA DE TAMAULIPAS OCULT\u00d3 POR A\u00d1OS CUERPOS DE V\u00cdCTIMAS DE LA SEMAR\u00a0"},"content":{"rendered":"\n<p>Nuevo Laredo, Tamaulipas.- Esta ma\u00f1ana del 24 de octubre la Fiscal\u00eda General de Justicia de la Rep\u00fablica confirm\u00f3 los restos de No\u00e9 Ignacio Alf\u00e9rez Hern\u00e1ndez, un joven reportado como desaparecido desde hace m\u00e1s de cinco a\u00f1os&nbsp;&nbsp;por elementos de la Secretar\u00eda de la Marina de Mexico.&nbsp;<\/p>\n\n\n\n<p>El presidente de la Comisi\u00f3n de Derechos Humanos de Nuevo Laredo, Reymundo Ramos V\u00e1zquez, dio a conocer que el cuerpo se encontraba en una fosa com\u00fan clandestina desde hace a\u00f1os pero la Fiscal\u00eda de Tamaulipas ocult\u00f3 esta informaci\u00f3n siendo que se tenia el resultado de identificaci\u00f3n a dos meses que ocurrieron los hechos.<\/p>\n\n\n\n<p>\u201cEn febrero del 2018 elementos del ej\u00e9rcito nacional se impactaron contra un veh\u00edculo en Av. Rep\u00fablica y Transformaci\u00f3n en la colonia Infonavit en donde se trasladaban los j\u00f3venes en donde Noe, fue herido por impacto de bala en la espalda y donde su acompa\u00f1ante Jonathan Ballesteros Loaiza, fueron detenidos por la SEMAR sin conocer el paradero\u201d coment\u00f3.<\/p>\n\n\n\n<p>En el mes de abril se confirma la identidad de los cuerpos y&nbsp;&nbsp;se env\u00edan a la fosa com\u00fan en donde las autoridades de FJET y su fiscal&nbsp;&nbsp;Irving Barrios Mojica, omiten la notificaci\u00f3n a los familiares a pesar de que hab\u00eda una denuncia por desaparici\u00f3n.<\/p>\n\n\n\n<p>Fue hasta este d\u00eda en que la Fiscal\u00eda General de&nbsp;&nbsp;Justicia de la Rep\u00fablica descubre la informaci\u00f3n oculta por medio de una prueba de ADN y da aviso a los padres de los fallecidos quienes durante a\u00f1os participaron en los comit\u00e9s de b\u00fasqueda de personas desaparecidas en diferentes estados del pa\u00eds.&nbsp;<\/p>\n\n\n\n<p>Ramos V\u00e1zquez mencion\u00f3 que la Fiscal\u00eda de Tamaulipas incurri\u00f3 en el delito de contra la administraci\u00f3n por lo que la Fiscal\u00eda de la Rep\u00fablica tiene la obligaci\u00f3n de abrir una carpeta de investigaci\u00f3n contra los responsables y Barrios Mojica.<\/p>\n\n\n\n<p>Este lamentable caso de injusticia en donde se cometieron actos de homicidio y desaparici\u00f3n forzada se suma a los 47 que existen contra elementos de la Marina que operaban bajo el mando del almirante Marco Antonio Ortega Siu y Alfredo Reyes Mondrag\u00f3n, capit\u00e1n de Fragata al Frente de la Basa de Operaciones de esta ciudad fronteriza.&nbsp;<\/p>\n","protected":false},"excerpt":{"rendered":"<p>Nuevo Laredo, Tamaulipas.- Esta ma\u00f1ana del 24 de octubre la Fiscal\u00eda General de Justicia de la Rep\u00fablica confirm\u00f3 los restos de No\u00e9 Ignacio Alf\u00e9rez Hern\u00e1ndez, un joven reportado como desaparecido desde hace m\u00e1s de cinco a\u00f1os&nbsp;&nbsp;por elementos de la Secretar\u00eda [&hellip;]<\/p>\n","protected":false},"author":7,"featured_media":79595,"comment_status":"open","ping_status":"open","sticky":false,"template":"","format":"standard","meta":[],"categories":[63,77],"tags":[],"_links":{"self":[{"href":"http:\/\/noticiastelered.com\/PortalDNoticias\/wp-json\/wp\/v2\/posts\/79592"}],"collection":[{"href":"http:\/\/noticiastelered.com\/PortalDNoticias\/wp-json\/wp\/v2\/posts"}],"about":[{"href":"http:\/\/noticiastelered.com\/PortalDNoticias\/wp-json\/wp\/v2\/types\/post"}],"author":[{"embeddable":true,"href":"http:\/\/noticiastelered.com\/PortalDNoticias\/wp-json\/wp\/v2\/users\/7"}],"replies":[{"embeddable":true,"href":"http:\/\/noticiastelered.com\/PortalDNoticias\/wp-json\/wp\/v2\/comments?post=79592"}],"version-history":[{"count":1,"href":"http:\/\/noticiastelered.com\/PortalDNoticias\/wp-json\/wp\/v2\/posts\/79592\/revisions"}],"predecessor-version":[{"id":79596,"href":"http:\/\/noticiastelered.com\/PortalDNoticias\/wp-json\/wp\/v2\/posts\/79592\/revisions\/79596"}],"wp:featuredmedia":[{"embeddable":true,"href":"http:\/\/noticiastelered.com\/PortalDNoticias\/wp-json\/wp\/v2\/media\/79595"}],"wp:attachment":[{"href":"http:\/\/noticiastelered.com\/PortalDNoticias\/wp-json\/wp\/v2\/media?parent=79592"}],"wp:term":[{"taxonomy":"category","embeddable":true,"href":"http:\/\/noticiastelered.com\/PortalDNoticias\/wp-json\/wp\/v2\/categories?post=79592"},{"taxonomy":"post_tag","embeddable":true,"href":"http:\/\/noticiastelered.com\/PortalDNoticias\/wp-json\/wp\/v2\/tags?post=79592"}],"curies":[{"name":"wp","href":"https:\/\/api.w.org\/{rel}","templated":true}]}}