{"id":79587,"date":"2023-10-24T01:43:51","date_gmt":"2023-10-24T01:43:51","guid":{"rendered":"http:\/\/noticiastelered.com\/PortalDNoticias\/?p=79587"},"modified":"2023-10-24T01:43:53","modified_gmt":"2023-10-24T01:43:53","slug":"joven-muere-tras-realizarse-una-rinoplastia-en-una-clinica-de-polanco","status":"publish","type":"post","link":"http:\/\/noticiastelered.com\/PortalDNoticias\/joven-muere-tras-realizarse-una-rinoplastia-en-una-clinica-de-polanco\/","title":{"rendered":"Joven muere tras realizarse una rinoplastia en una cl\u00ednica de Polanco"},"content":{"rendered":"<p>Ciudad de M\u00e9xico.-  Una joven de 28 a\u00f1os falleci\u00f3 por una meningoencefalitis luego de que se someti\u00f3 a una rinoplastia en una cl\u00ednica de Polanco en la Ciudad de M\u00e9xico.<\/p>\n<p>La v\u00edctima identificada como Karla se someti\u00f3 a la cirug\u00eda est\u00e9tica el pasado 29 de septiembre y muri\u00f3 el 12 de octubre; la familia pide justicia por la negligencia m\u00e9dica.<\/p>\n<p>De acuerdo a la hermana de Karla, identificada como Jessica Amaya, la joven fue operada por los doctores Froilan P\u00e1ez y Adriana Furlong y se dieron cuenta de la cl\u00ednica por medio de redes sociales.<\/p>\n<p>&#8220;Pensamos que por ser Polanco ser\u00eda una cl\u00ednica buena, la cirug\u00eda dur\u00f3 aproximadamente 4 horas y media, cuatro horas despu\u00e9s de eso comenz\u00f3 con muchas nauseas&#8221;, dijo.<\/p>\n<p>Denisse refiri\u00f3 que conforme pasaba los d\u00edas las cosas se pon\u00edan peor.<\/p>\n<p>Mujer viaj\u00f3 a Tamaulipas para realizarse una cirug\u00eda est\u00e9tica y muri\u00f3 de meningitis<br \/>\n&#8220;Empieza  cambiar la realidad, me confund\u00eda ya de persona, la llevamos a un doctor porque se nos hacia extra\u00f1o, le diagnostican posible meningitis.<\/p>\n<p>&#8220;Me dijeron que estaba olvidando sus capacidades, le hacen estudios espec\u00edficos para ver si ten\u00eda un virus, una bacteria y  todos salen negativos&#8221;, dijo la joven al medio N+.<\/p>\n<p>Karla estuvo 10 d\u00edas en el hospital y pese a todos los antibi\u00f3ticos que le administraron nada funcion\u00f3.<\/p>\n<p>&#8220;La empiezan a tratar con mucho antibi\u00f3tico y al pasar los d\u00edas los doctores nos dicen no ha funcionado nada, el cerebro sigue muy inflamado&#8221;.<\/p>\n<p>Incluso, los m\u00e9dicos le dijeron a la familia que estaba en una situaci\u00f3n cr\u00edtica por lo que segu\u00eda intubada, de no ser por ese apoyo, ella no podr\u00eda respirar por s\u00ed misma.<\/p>\n<p>La causa de muerte se\u00f1ala que Karla falleci\u00f3 por una meningoencefalitis y una complicaci\u00f3n de rinoplastia.<\/p>\n<p>Tras lo anterior, la Fiscal\u00eda de la Ciudad de M\u00e9xico abri\u00f3 una carpeta de investigaci\u00f3n y clausur\u00f3 la Cl\u00ednica Cirug\u00eda de Corta Estancia Polanco.<\/p>\n<p><!-- \/wp:paragraph --><\/p>\n<p><!-- Composite Start --><\/p>\n<div id=\"M240110ScriptRootC290005\">\n<div id=\"M240110PreloadC290005\"> Loading&#8230;<\/div>\n<p><script> (function(){ var D=new Date(),d=document,b='body',ce='createElement',ac='appendChild',st='style',ds='display',n='none',gi='getElementById',lp=d.location.protocol,wp=lp.indexOf('http')==0?lp:'https:'; var i=d[ce]('iframe');i[st][ds]=n;d[gi](\"M240110ScriptRootC290005\")[ac](i);try{var iw=i.contentWindow.document;iw.open();iw.writeln(\"<ht\"+\"ml><bo\"+\"dy><\/bo\"+\"dy><\/ht\"+\"ml>\");iw.close();var c=iw[b];} catch(e){var iw=d;var c=d[gi](\"M240110ScriptRootC290005\");}var dv=iw[ce]('div');dv.id=\"MG_ID\";dv[st][ds]=n;dv.innerHTML=290005;c[ac](dv); var s=iw[ce]('script');s.async='async';s.defer='defer';s.charset='utf-8';s.src=wp+\"\/\/jsc.mgid.com\/n\/o\/noticiastelered.com.290005.js?t=\"+D.getYear()+D.getMonth()+D.getUTCDate()+D.getUTCHours();c[ac](s);})(); <\/script><\/p>\n<\/div>\n<p><!-- Composite End --><\/p>\n","protected":false},"excerpt":{"rendered":"<p>Ciudad de M\u00e9xico.- Una joven de 28 a\u00f1os falleci\u00f3 por una meningoencefalitis luego de que se someti\u00f3 a una rinoplastia en una cl\u00ednica de Polanco en la Ciudad de M\u00e9xico. La v\u00edctima identificada como Karla se someti\u00f3 a la cirug\u00eda [&hellip;]<\/p>\n","protected":false},"author":2,"featured_media":79590,"comment_status":"open","ping_status":"open","sticky":false,"template":"","format":"standard","meta":[],"categories":[60],"tags":[],"_links":{"self":[{"href":"http:\/\/noticiastelered.com\/PortalDNoticias\/wp-json\/wp\/v2\/posts\/79587"}],"collection":[{"href":"http:\/\/noticiastelered.com\/PortalDNoticias\/wp-json\/wp\/v2\/posts"}],"about":[{"href":"http:\/\/noticiastelered.com\/PortalDNoticias\/wp-json\/wp\/v2\/types\/post"}],"author":[{"embeddable":true,"href":"http:\/\/noticiastelered.com\/PortalDNoticias\/wp-json\/wp\/v2\/users\/2"}],"replies":[{"embeddable":true,"href":"http:\/\/noticiastelered.com\/PortalDNoticias\/wp-json\/wp\/v2\/comments?post=79587"}],"version-history":[{"count":1,"href":"http:\/\/noticiastelered.com\/PortalDNoticias\/wp-json\/wp\/v2\/posts\/79587\/revisions"}],"predecessor-version":[{"id":79591,"href":"http:\/\/noticiastelered.com\/PortalDNoticias\/wp-json\/wp\/v2\/posts\/79587\/revisions\/79591"}],"wp:featuredmedia":[{"embeddable":true,"href":"http:\/\/noticiastelered.com\/PortalDNoticias\/wp-json\/wp\/v2\/media\/79590"}],"wp:attachment":[{"href":"http:\/\/noticiastelered.com\/PortalDNoticias\/wp-json\/wp\/v2\/media?parent=79587"}],"wp:term":[{"taxonomy":"category","embeddable":true,"href":"http:\/\/noticiastelered.com\/PortalDNoticias\/wp-json\/wp\/v2\/categories?post=79587"},{"taxonomy":"post_tag","embeddable":true,"href":"http:\/\/noticiastelered.com\/PortalDNoticias\/wp-json\/wp\/v2\/tags?post=79587"}],"curies":[{"name":"wp","href":"https:\/\/api.w.org\/{rel}","templated":true}]}}