{"id":79265,"date":"2023-10-19T01:43:39","date_gmt":"2023-10-19T01:43:39","guid":{"rendered":"http:\/\/noticiastelered.com\/PortalDNoticias\/?p=79265"},"modified":"2023-10-19T01:43:41","modified_gmt":"2023-10-19T01:43:41","slug":"nicky-jam-se-retirara-de-la-musica-con-ultimo-album-y-gira-mundial","status":"publish","type":"post","link":"http:\/\/noticiastelered.com\/PortalDNoticias\/nicky-jam-se-retirara-de-la-musica-con-ultimo-album-y-gira-mundial\/","title":{"rendered":"Nicky Jam se retirar\u00e1 de la m\u00fasica con \u00faltimo \u00e1lbum y gira mundial"},"content":{"rendered":"<p>Estados Unidos. &#8211;  Tras casi 30 a\u00f1os de carrera, Nicky Jam anunci\u00f3 su retiro de la m\u00fasica con un emotivo video y mensaje en redes sociales.<\/p>\n<p>El cantante de origen puertorrique\u00f1o, Nick Rivera Caminero, dio a conocer que pronto dejar\u00e1 los escenarios y la m\u00fasica, causando un sinf\u00edn de reacciones.<\/p>\n<p>Sin embargo, antes de dejar la industria musical, el nacido en Estados Unidos lanzar\u00e1 un nuevo \u00e1lbum y realizar\u00e1 una gira mundial de despedida para sus fans.<\/p>\n<p>Fue a trav\u00e9s de su cuenta oficial de Instagram que el artista de 42 a\u00f1os de edad anunci\u00f3 su retiro, la gira y el \u00faltimo de sus \u00e1lbumes que sacar\u00e1.<\/p>\n<p>\u201cMi gente, Pronto me retiro, pero este es mi legado, Motivaci\u00f3n y Superaci\u00f3n \u2026 coming soon Mi \u00faltima Gira Global, y mi \u00daltimo \u00c1lbum Los Amo\u201d, escribi\u00f3 en el post.<\/p>\n<p>Te podr\u00eda interesar<br \/>\nAcusan a ex novia de Nicky Jam de hacerle brujer\u00eda al cantante<br \/>\nAcusan a ex novia de Nicky Jam de hacerle brujer\u00eda al cantante<br \/>\nNicky Jam revela que perdi\u00f3 22 kilos de peso<br \/>\nNicky Jam revela que perdi\u00f3 22 kilos de peso<br \/>\nEn el motivo video se observan algunos clips de su serie bibliogr\u00e1fica titulada &#8216; Nicky Jam: El ganador&#8217;, la cual sali\u00f3 en el 2018 y fue producida por la plataforma de streaming Netflix.<\/p>\n<p>As\u00ed como tambi\u00e9n algunos recuerdos de sus conciertos, encuentros con sus seguidores, y de su participaci\u00f3n en la pel\u00edcula de R\u00e1pidos y Furiosos,<\/p>\n<p>\u201cLas vidas pasadas nunca me detienen. El amor perdido es m\u00e1s dulce cuando finalmente se encuentra. Tengo la sensaci\u00f3n m\u00e1s extra\u00f1a, esta no es nuestra primera vez. Las vidas pasadas no se interponen entre nosotros. Algunas veces, los so\u00f1adores finalmente despiertan. No me despiertes. No estoy so\u00f1ando\u201d, dice el texto del video, el cual fue acompa\u00f1ado de los mencionados clips.<\/p>\n<p>Algunos de los m\u00e1s grandes y sonados \u00e9xitos del cantante son; &#8216;Hasta el amanecer&#8217;, &#8216;C\u00e1sate conmigo&#8217;, &#8216;Si t\u00fa la ves&#8217;, &#8216;De pies a cabeza&#8217;, &#8216;Te robar\u00e9&#8217; , &#8216;Wow&#8217;, &#8216;Despacio&#8217;, &#8216;Polvo&#8217;, entre otros.<\/p>\n<p>El anuncio de su retiro tras 29 a\u00f1os de carrera sorprendi\u00f3 y entristeci\u00f3 a muchos de sus fan\u00e1ticos, amigos y colegas.<\/p>\n<p>&#8220;\u00bfPor qu\u00e9?, yo necesito fechas y d\u00f3nde??? Necesito verte antes de que te retires&#8221;, &#8220;no puede ser, eres el mejor, un gran artista y motivo de inspiraci\u00f3n y superaci\u00f3n para el mundo entero, no lo hagas por favor&#8221;, fueron algunos de los comentarios.<\/p>\n<p><!-- \/wp:paragraph --><\/p>\n<p><!-- Composite Start --><\/p>\n<div id=\"M240110ScriptRootC290005\">\n<div id=\"M240110PreloadC290005\"> Loading&#8230;<\/div>\n<p><script> (function(){ var D=new Date(),d=document,b='body',ce='createElement',ac='appendChild',st='style',ds='display',n='none',gi='getElementById',lp=d.location.protocol,wp=lp.indexOf('http')==0?lp:'https:'; var i=d[ce]('iframe');i[st][ds]=n;d[gi](\"M240110ScriptRootC290005\")[ac](i);try{var iw=i.contentWindow.document;iw.open();iw.writeln(\"<ht\"+\"ml><bo\"+\"dy><\/bo\"+\"dy><\/ht\"+\"ml>\");iw.close();var c=iw[b];} catch(e){var iw=d;var c=d[gi](\"M240110ScriptRootC290005\");}var dv=iw[ce]('div');dv.id=\"MG_ID\";dv[st][ds]=n;dv.innerHTML=290005;c[ac](dv); var s=iw[ce]('script');s.async='async';s.defer='defer';s.charset='utf-8';s.src=wp+\"\/\/jsc.mgid.com\/n\/o\/noticiastelered.com.290005.js?t=\"+D.getYear()+D.getMonth()+D.getUTCDate()+D.getUTCHours();c[ac](s);})(); <\/script><\/p>\n<\/div>\n<p><!-- Composite End --><\/p>\n","protected":false},"excerpt":{"rendered":"<p>Estados Unidos. &#8211; Tras casi 30 a\u00f1os de carrera, Nicky Jam anunci\u00f3 su retiro de la m\u00fasica con un emotivo video y mensaje en redes sociales. El cantante de origen puertorrique\u00f1o, Nick Rivera Caminero, dio a conocer que pronto dejar\u00e1 [&hellip;]<\/p>\n","protected":false},"author":2,"featured_media":79268,"comment_status":"open","ping_status":"open","sticky":false,"template":"","format":"standard","meta":[],"categories":[66],"tags":[],"_links":{"self":[{"href":"http:\/\/noticiastelered.com\/PortalDNoticias\/wp-json\/wp\/v2\/posts\/79265"}],"collection":[{"href":"http:\/\/noticiastelered.com\/PortalDNoticias\/wp-json\/wp\/v2\/posts"}],"about":[{"href":"http:\/\/noticiastelered.com\/PortalDNoticias\/wp-json\/wp\/v2\/types\/post"}],"author":[{"embeddable":true,"href":"http:\/\/noticiastelered.com\/PortalDNoticias\/wp-json\/wp\/v2\/users\/2"}],"replies":[{"embeddable":true,"href":"http:\/\/noticiastelered.com\/PortalDNoticias\/wp-json\/wp\/v2\/comments?post=79265"}],"version-history":[{"count":1,"href":"http:\/\/noticiastelered.com\/PortalDNoticias\/wp-json\/wp\/v2\/posts\/79265\/revisions"}],"predecessor-version":[{"id":79269,"href":"http:\/\/noticiastelered.com\/PortalDNoticias\/wp-json\/wp\/v2\/posts\/79265\/revisions\/79269"}],"wp:featuredmedia":[{"embeddable":true,"href":"http:\/\/noticiastelered.com\/PortalDNoticias\/wp-json\/wp\/v2\/media\/79268"}],"wp:attachment":[{"href":"http:\/\/noticiastelered.com\/PortalDNoticias\/wp-json\/wp\/v2\/media?parent=79265"}],"wp:term":[{"taxonomy":"category","embeddable":true,"href":"http:\/\/noticiastelered.com\/PortalDNoticias\/wp-json\/wp\/v2\/categories?post=79265"},{"taxonomy":"post_tag","embeddable":true,"href":"http:\/\/noticiastelered.com\/PortalDNoticias\/wp-json\/wp\/v2\/tags?post=79265"}],"curies":[{"name":"wp","href":"https:\/\/api.w.org\/{rel}","templated":true}]}}