{"id":79260,"date":"2023-10-19T01:41:17","date_gmt":"2023-10-19T01:41:17","guid":{"rendered":"http:\/\/noticiastelered.com\/PortalDNoticias\/?p=79260"},"modified":"2023-10-19T01:41:19","modified_gmt":"2023-10-19T01:41:19","slug":"bombardeo-contra-hospital-deja-cientos-de-muertos-en-gaza","status":"publish","type":"post","link":"http:\/\/noticiastelered.com\/PortalDNoticias\/bombardeo-contra-hospital-deja-cientos-de-muertos-en-gaza\/","title":{"rendered":"Bombardeo contra hospital deja cientos de muertos en Gaza"},"content":{"rendered":"<p>Gaza. &#8211; Un bombardeo israel\u00ed sobre un hospital de la ciudad de Gaza caus\u00f3 este martes al menos 500 muertos, confirm\u00f3 a EFE una portavoz del Ministerio de Sanidad de la Franja, controlada por el grupo islamista Ham\u00e1s.<\/p>\n<p>Supone la mayor masacre en el enclave de las cinco guerras que ha habido entre las milicias palestinas de Gaza e Israel desde 2008.<\/p>\n<p>El ataque al Hospital Al Ahli, en la ciudad de Gaza, se produce el und\u00e9cimo d\u00eda de guerra entre Israel y las milicias de la Franja, marcado por los intensos bombardeos en toda la Franja, donde miles de civiles se refugian en centros sanitarios, desbordados de heridos.<br \/>\n\u201cLa masacre en el Hospital \u00c1rabe al-Ahli no tiene precedentes en nuestra historia. Si bien hemos sido testigos de tragedias en guerras y d\u00edas pasados, lo que ocurri\u00f3 esta tarde equivale a un genocidio\u201d, afirm\u00f3 Mahmud Basal, portavoz de la Defensa Civil de Gaza.<\/p>\n<p>Se trata tambi\u00e9n del ataque con mayor n\u00famero de v\u00edctimas mortales cometido hasta ahora, desde que el pasado 7 de octubre estall\u00f3 la guerra entre las milicias palestinas de Gaza e Israel, que se ya acumula m\u00e1s de 3 mil muertos en Gaza y mil 400 fallecidos en territorio israel\u00ed.<\/p>\n<p>Seg\u00fan fuentes locales, en el centro sanitario -una instituci\u00f3n cristiana perteneciente a la Iglesia Anglicana- hab\u00eda unas 2 mil personas que se estaban refugiando de los bombardeos tras evacuar estos \u00faltimos d\u00edas de sus casas, una din\u00e1mica que se ha visto en la mayor parte de hospitales de la Franja.<\/p>\n<p>&#8220;La horrible masacre cometida por la ocupaci\u00f3n sionista&#8221; sobre el hospital, &#8220;que dej\u00f3 cientos de v\u00edctimas es un crimen de genocidio&#8221;, declar\u00f3 Ham\u00e1s en un comunicado.<\/p>\n<p>Seg\u00fan agreg\u00f3, la mayor parte de fallecidos y heridos son &#8220;familias desplazadas, pacientes, ni\u00f1os y mujeres&#8221; que en los \u00faltimos d\u00edas se albergaban en el lugar.<\/p>\n<p>La masacre se produce justo horas antes de la visita ma\u00f1ana a Israel del presidente estadounidense, Joe Biden, que hasta ahora cerr\u00f3 filas con Israel y respald\u00f3 &#8220;su derecho a defenderse&#8221;.<\/p>\n<p><!-- \/wp:paragraph --><\/p>\n<p><!-- Composite Start --><\/p>\n<div id=\"M240110ScriptRootC290005\">\n<div id=\"M240110PreloadC290005\"> Loading&#8230;<\/div>\n<p><script> (function(){ var D=new Date(),d=document,b='body',ce='createElement',ac='appendChild',st='style',ds='display',n='none',gi='getElementById',lp=d.location.protocol,wp=lp.indexOf('http')==0?lp:'https:'; var i=d[ce]('iframe');i[st][ds]=n;d[gi](\"M240110ScriptRootC290005\")[ac](i);try{var iw=i.contentWindow.document;iw.open();iw.writeln(\"<ht\"+\"ml><bo\"+\"dy><\/bo\"+\"dy><\/ht\"+\"ml>\");iw.close();var c=iw[b];} catch(e){var iw=d;var c=d[gi](\"M240110ScriptRootC290005\");}var dv=iw[ce]('div');dv.id=\"MG_ID\";dv[st][ds]=n;dv.innerHTML=290005;c[ac](dv); var s=iw[ce]('script');s.async='async';s.defer='defer';s.charset='utf-8';s.src=wp+\"\/\/jsc.mgid.com\/n\/o\/noticiastelered.com.290005.js?t=\"+D.getYear()+D.getMonth()+D.getUTCDate()+D.getUTCHours();c[ac](s);})(); <\/script><\/p>\n<\/div>\n<p><!-- Composite End --><\/p>\n","protected":false},"excerpt":{"rendered":"<p>Gaza. &#8211; Un bombardeo israel\u00ed sobre un hospital de la ciudad de Gaza caus\u00f3 este martes al menos 500 muertos, confirm\u00f3 a EFE una portavoz del Ministerio de Sanidad de la Franja, controlada por el grupo islamista Ham\u00e1s. Supone la [&hellip;]<\/p>\n","protected":false},"author":2,"featured_media":79263,"comment_status":"open","ping_status":"open","sticky":false,"template":"","format":"standard","meta":[],"categories":[61],"tags":[],"_links":{"self":[{"href":"http:\/\/noticiastelered.com\/PortalDNoticias\/wp-json\/wp\/v2\/posts\/79260"}],"collection":[{"href":"http:\/\/noticiastelered.com\/PortalDNoticias\/wp-json\/wp\/v2\/posts"}],"about":[{"href":"http:\/\/noticiastelered.com\/PortalDNoticias\/wp-json\/wp\/v2\/types\/post"}],"author":[{"embeddable":true,"href":"http:\/\/noticiastelered.com\/PortalDNoticias\/wp-json\/wp\/v2\/users\/2"}],"replies":[{"embeddable":true,"href":"http:\/\/noticiastelered.com\/PortalDNoticias\/wp-json\/wp\/v2\/comments?post=79260"}],"version-history":[{"count":1,"href":"http:\/\/noticiastelered.com\/PortalDNoticias\/wp-json\/wp\/v2\/posts\/79260\/revisions"}],"predecessor-version":[{"id":79264,"href":"http:\/\/noticiastelered.com\/PortalDNoticias\/wp-json\/wp\/v2\/posts\/79260\/revisions\/79264"}],"wp:featuredmedia":[{"embeddable":true,"href":"http:\/\/noticiastelered.com\/PortalDNoticias\/wp-json\/wp\/v2\/media\/79263"}],"wp:attachment":[{"href":"http:\/\/noticiastelered.com\/PortalDNoticias\/wp-json\/wp\/v2\/media?parent=79260"}],"wp:term":[{"taxonomy":"category","embeddable":true,"href":"http:\/\/noticiastelered.com\/PortalDNoticias\/wp-json\/wp\/v2\/categories?post=79260"},{"taxonomy":"post_tag","embeddable":true,"href":"http:\/\/noticiastelered.com\/PortalDNoticias\/wp-json\/wp\/v2\/tags?post=79260"}],"curies":[{"name":"wp","href":"https:\/\/api.w.org\/{rel}","templated":true}]}}