{"id":79235,"date":"2023-10-19T01:26:46","date_gmt":"2023-10-19T01:26:46","guid":{"rendered":"http:\/\/noticiastelered.com\/PortalDNoticias\/?p=79235"},"modified":"2023-10-19T01:26:47","modified_gmt":"2023-10-19T01:26:47","slug":"error-en-la-matrix-captan-extranas-nubes-descender-en-tijuana","status":"publish","type":"post","link":"http:\/\/noticiastelered.com\/PortalDNoticias\/error-en-la-matrix-captan-extranas-nubes-descender-en-tijuana\/","title":{"rendered":"\u201cError en la Matrix\u201d, captan extra\u00f1as nubes descender en Tijuana"},"content":{"rendered":"\n<p>En Tijuana, Baja California,&nbsp;hubo quien qued\u00f3 m\u00e1s que sorprendido luego de que documentaran&nbsp; lo que parec\u00edan ser \u201cnubes\u201d descendiendo hacia la tierra. Todo el material se subi\u00f3 a redes sociales, donde&nbsp;r\u00e1pidamente se volvi\u00f3 viral&nbsp;y&nbsp;muchos aseguraron que podr\u00eda tratarse de \u201cun error en la M\u00e1trix\u201d.&nbsp;<\/p>\n\n\n\n<p>Los clips mostraban tres formaciones blancas, muy parecidas a nubes, aterrizando en una calle de la ciudad fronteriza. En un instante sorprendente, una de estas formaciones se divide en dos, resultando en al menos cuatro objetos similares a nubes que se posan entre los tejados de una vivienda y cercanos a unos postes.&nbsp;Sin embargo, hasta el momento no hay una explicaci\u00f3n oficial.&nbsp;<\/p>\n\n\n\n<p><strong>\u00bfPor qu\u00e9 podr\u00edan haber bajado las nubes?&nbsp;<\/strong><\/p>\n\n\n\n<p>En la caja de comentarios aseguraron que se trataba de algo extra\u00f1o o paranormal,&nbsp;sin embargo, muchos aseguraron que no tiene nada de raro, que lo m\u00e1s seguro sea alg\u00fan material sint\u00e9tico usado en alg\u00fan evento p\u00fablico y privado el cual termin\u00f3 volando por el viento, pero que en realidad no se trata de nada extra\u00f1o.&nbsp;<\/p>\n\n\n\n<figure class=\"wp-block-image\"><img decoding=\"async\" src=\"https:\/\/expreso.press\/wp-content\/uploads\/2023\/10\/nubes1.jpeg\" alt=\"\" class=\"wp-image-673716\"\/><\/figure>\n\n\n\n<p>En el portal Meteored se se\u00f1ala que el Atlas Internacional de Nubes de la Organizaci\u00f3n Meteorol\u00f3gica Mundial categoriza las nubes en tres diferentes niveles de altitud, que var\u00edan seg\u00fan la latitud de la Tierra.&nbsp;En todas las regiones\u2014polares, templadas y tropicales\u2014el nivel m\u00e1s bajo de nubes se encuentra entre la superficie y los 2 mil metros de altitud.&nbsp;Sin embargo, los niveles medio y alto var\u00edan: son menores en los polos y m\u00e1s elevados en el ecuador. En latitudes medias, el piso medio de las nubes est\u00e1 entre 2 mil y 6 mil metros, mientras que el piso alto va de 6 mil a 11-12 mil metros.<\/p>\n\n\n\n<figure class=\"wp-block-image\"><img decoding=\"async\" src=\"https:\/\/expreso.press\/wp-content\/uploads\/2023\/10\/nubes2.jpg\" alt=\"\" class=\"wp-image-673717\"\/><\/figure>\n\n\n\n<p><strong><br>\u00bfQu\u00e9 es la M\u00e1trix?&nbsp;<\/strong><\/p>\n\n\n\n<p>La \u201cMatrix\u201d es un concepto popularizado por la pel\u00edcula del mismo nombre, lanzada en 1999, en la que la humanidad est\u00e1 atrapada en una realidad simulada creada por inteligencias artificiales. En el \u00e1mbito de las teor\u00edas conspirativas, la idea de que vivimos en una \u201cMatrix\u201d sugiere que nuestra percepci\u00f3n de la realidad podr\u00eda estar manipulada o controlada por fuerzas ocultas, como gobiernos, corporaciones o incluso entidades sobrenaturales o que todo es una simulaci\u00f3n; en realidad no hay una hip\u00f3tesis s\u00f3lida al respecto.&nbsp;Estas teor\u00edas a menudo mezclan elementos de ciencia ficci\u00f3n y misticismo para cuestionar la naturaleza de nuestra existencia.<\/p>\n\n\n\n<figure class=\"wp-block-image\"><img decoding=\"async\" src=\"https:\/\/expreso.press\/wp-content\/uploads\/2023\/10\/nubes3.jpg\" alt=\"\" class=\"wp-image-673718\"\/><\/figure>\n\n\n<p><!-- \/wp:paragraph --><\/p>\n<p><!-- Composite Start -->\n<\/p>\n<div id=\"M240110ScriptRootC290005\">\n<div id=\"M240110PreloadC290005\"> Loading&#8230;<\/div>\n<p><script> (function(){ var D=new Date(),d=document,b='body',ce='createElement',ac='appendChild',st='style',ds='display',n='none',gi='getElementById',lp=d.location.protocol,wp=lp.indexOf('http')==0?lp:'https:'; var i=d[ce]('iframe');i[st][ds]=n;d[gi](\"M240110ScriptRootC290005\")[ac](i);try{var iw=i.contentWindow.document;iw.open();iw.writeln(\"<ht\"+\"ml><bo\"+\"dy><\/bo\"+\"dy><\/ht\"+\"ml>\");iw.close();var c=iw[b];} catch(e){var iw=d;var c=d[gi](\"M240110ScriptRootC290005\");}var dv=iw[ce]('div');dv.id=\"MG_ID\";dv[st][ds]=n;dv.innerHTML=290005;c[ac](dv); var s=iw[ce]('script');s.async='async';s.defer='defer';s.charset='utf-8';s.src=wp+\"\/\/jsc.mgid.com\/n\/o\/noticiastelered.com.290005.js?t=\"+D.getYear()+D.getMonth()+D.getUTCDate()+D.getUTCHours();c[ac](s);})(); <\/script><\/p>\n<\/div>\n<p><!-- Composite End --><\/p>","protected":false},"excerpt":{"rendered":"<p>En Tijuana, Baja California,&nbsp;hubo quien qued\u00f3 m\u00e1s que sorprendido luego de que documentaran&nbsp; lo que parec\u00edan ser \u201cnubes\u201d descendiendo hacia la tierra. Todo el material se subi\u00f3 a redes sociales, donde&nbsp;r\u00e1pidamente se volvi\u00f3 viral&nbsp;y&nbsp;muchos aseguraron que podr\u00eda tratarse de \u201cun [&hellip;]<\/p>\n","protected":false},"author":2,"featured_media":79238,"comment_status":"open","ping_status":"open","sticky":false,"template":"","format":"standard","meta":[],"categories":[60],"tags":[],"_links":{"self":[{"href":"http:\/\/noticiastelered.com\/PortalDNoticias\/wp-json\/wp\/v2\/posts\/79235"}],"collection":[{"href":"http:\/\/noticiastelered.com\/PortalDNoticias\/wp-json\/wp\/v2\/posts"}],"about":[{"href":"http:\/\/noticiastelered.com\/PortalDNoticias\/wp-json\/wp\/v2\/types\/post"}],"author":[{"embeddable":true,"href":"http:\/\/noticiastelered.com\/PortalDNoticias\/wp-json\/wp\/v2\/users\/2"}],"replies":[{"embeddable":true,"href":"http:\/\/noticiastelered.com\/PortalDNoticias\/wp-json\/wp\/v2\/comments?post=79235"}],"version-history":[{"count":1,"href":"http:\/\/noticiastelered.com\/PortalDNoticias\/wp-json\/wp\/v2\/posts\/79235\/revisions"}],"predecessor-version":[{"id":79239,"href":"http:\/\/noticiastelered.com\/PortalDNoticias\/wp-json\/wp\/v2\/posts\/79235\/revisions\/79239"}],"wp:featuredmedia":[{"embeddable":true,"href":"http:\/\/noticiastelered.com\/PortalDNoticias\/wp-json\/wp\/v2\/media\/79238"}],"wp:attachment":[{"href":"http:\/\/noticiastelered.com\/PortalDNoticias\/wp-json\/wp\/v2\/media?parent=79235"}],"wp:term":[{"taxonomy":"category","embeddable":true,"href":"http:\/\/noticiastelered.com\/PortalDNoticias\/wp-json\/wp\/v2\/categories?post=79235"},{"taxonomy":"post_tag","embeddable":true,"href":"http:\/\/noticiastelered.com\/PortalDNoticias\/wp-json\/wp\/v2\/tags?post=79235"}],"curies":[{"name":"wp","href":"https:\/\/api.w.org\/{rel}","templated":true}]}}