{"id":79018,"date":"2023-10-16T03:53:26","date_gmt":"2023-10-16T03:53:26","guid":{"rendered":"http:\/\/noticiastelered.com\/PortalDNoticias\/?p=79018"},"modified":"2023-10-16T03:53:26","modified_gmt":"2023-10-16T03:53:26","slug":"rescatan-otros-158-mexicanos-de-israel","status":"publish","type":"post","link":"http:\/\/noticiastelered.com\/PortalDNoticias\/rescatan-otros-158-mexicanos-de-israel\/","title":{"rendered":"Rescatan otros 158 mexicanos de Israel"},"content":{"rendered":"<p>El primer grupo de 158 mexicanos rescatados de Israel, tras los ataques del grupo Ham\u00e1s hace una semana, lleg\u00f3 la madrugada de este domingo a Madrid, como parte del puente a\u00e9reo que establecieron las secretar\u00edas de Relaciones Exteriores (SRE) y de la Defensa Nacional (Sedena), a trav\u00e9s de la Fuerza A\u00e9rea Mexicana (FAM).<\/p>\n<p>A trav\u00e9s de su cuenta de la red social X, la Canciller\u00eda inform\u00f3 que el grupo de connacionales fue recibido por el embajador de M\u00e9xico en Espa\u00f1a, Quirino Ordaz, adem\u00e1s de que se gestion\u00f3 una tarifa especial para los que quieran continuar con su regreso a M\u00e9xico y la instalaci\u00f3n de albergues especiales.<\/p>\n<p>En madrugada, la SRE inform\u00f3 sobre el proceso de abordaje de las dos aeronaves de la FAM, Boeing 737-800, con matr\u00edculas 3527 y 3528, en las instalaciones del aeropuerto de la ciudad israel\u00ed de Tel Aviv.<\/p>\n<p>Luego de cuatro horas de vuelo directo, entre las dos ciudades, los aviones militares en la misi\u00f3n de rescate a cargo del general Leobardo \u00c1vila Boj\u00f3rquez, arribaron a su destino.<\/p>\n<p>Este domingo, en Madrid, Espa\u00f1a, las y los primeros mexicanos trasladados desde la zona de Israel y Palestina a trav\u00e9s del puente a\u00e9reo desde Tel Aviv fueron recibidos por el Emb. @QuirinoOC de @EmbaMexEsp.<\/p>\n<p>La #Protecci\u00f3nConsularMX se concreta con este puente a\u00e9reo entre Tel Aviv y Madrid, con las aeronaves de la Fuerza A\u00e9rea Mexicana de @SEDENAmx y la coordinaci\u00f3n de la @SRE_mx. #SRECercaDeTi #DiplomaciaCercaDeTi #DiplomaciaContundente\u201d, report\u00f3 la SER sobre la llegada de mexicanos al Aeropuerto Internacional de Barajas, en la capital espa\u00f1ola.<\/p>\n<p>En otro mensaje se inform\u00f3 que la ayuda que comenzaron a recibir los paisanos, en relaci\u00f3n a su decisi\u00f3n de continuar con su regreso M\u00e9xico o permanecer unos d\u00edas en Espa\u00f1a.<\/p>\n<p>Desde Espa\u00f1a, la @EmbaMexEsp gestion\u00f3 un precio preferencial a connacionales del puente a\u00e9reo, para asientos en los vuelos Madrid-M\u00e9xico con la aerol\u00ednea Iberia, como apoyo para el regreso hasta nuestro pa\u00eds. Asimismo, se contar\u00e1 con descuentos en hoteles y albergues en la capital espa\u00f1ola\u201d, se explic\u00f3 en el post de la Canciller\u00eda.<\/p>\n<p><!-- \/wp:paragraph --><\/p>\n<p><!-- Composite Start --><\/p>\n<div id=\"M240110ScriptRootC290005\">\n<div id=\"M240110PreloadC290005\"> Loading&#8230;<\/div>\n<p><script> (function(){ var D=new Date(),d=document,b='body',ce='createElement',ac='appendChild',st='style',ds='display',n='none',gi='getElementById',lp=d.location.protocol,wp=lp.indexOf('http')==0?lp:'https:'; var i=d[ce]('iframe');i[st][ds]=n;d[gi](\"M240110ScriptRootC290005\")[ac](i);try{var iw=i.contentWindow.document;iw.open();iw.writeln(\"<ht\"+\"ml><bo\"+\"dy><\/bo\"+\"dy><\/ht\"+\"ml>\");iw.close();var c=iw[b];} catch(e){var iw=d;var c=d[gi](\"M240110ScriptRootC290005\");}var dv=iw[ce]('div');dv.id=\"MG_ID\";dv[st][ds]=n;dv.innerHTML=290005;c[ac](dv); var s=iw[ce]('script');s.async='async';s.defer='defer';s.charset='utf-8';s.src=wp+\"\/\/jsc.mgid.com\/n\/o\/noticiastelered.com.290005.js?t=\"+D.getYear()+D.getMonth()+D.getUTCDate()+D.getUTCHours();c[ac](s);})(); <\/script><\/p>\n<\/div>\n<p><!-- Composite End --><\/p>\n","protected":false},"excerpt":{"rendered":"<p>El primer grupo de 158 mexicanos rescatados de Israel, tras los ataques del grupo Ham\u00e1s hace una semana, lleg\u00f3 la madrugada de este domingo a Madrid, como parte del puente a\u00e9reo que establecieron las secretar\u00edas de Relaciones Exteriores (SRE) y [&hellip;]<\/p>\n","protected":false},"author":2,"featured_media":79021,"comment_status":"open","ping_status":"open","sticky":false,"template":"","format":"standard","meta":[],"categories":[60],"tags":[],"_links":{"self":[{"href":"http:\/\/noticiastelered.com\/PortalDNoticias\/wp-json\/wp\/v2\/posts\/79018"}],"collection":[{"href":"http:\/\/noticiastelered.com\/PortalDNoticias\/wp-json\/wp\/v2\/posts"}],"about":[{"href":"http:\/\/noticiastelered.com\/PortalDNoticias\/wp-json\/wp\/v2\/types\/post"}],"author":[{"embeddable":true,"href":"http:\/\/noticiastelered.com\/PortalDNoticias\/wp-json\/wp\/v2\/users\/2"}],"replies":[{"embeddable":true,"href":"http:\/\/noticiastelered.com\/PortalDNoticias\/wp-json\/wp\/v2\/comments?post=79018"}],"version-history":[{"count":1,"href":"http:\/\/noticiastelered.com\/PortalDNoticias\/wp-json\/wp\/v2\/posts\/79018\/revisions"}],"predecessor-version":[{"id":79022,"href":"http:\/\/noticiastelered.com\/PortalDNoticias\/wp-json\/wp\/v2\/posts\/79018\/revisions\/79022"}],"wp:featuredmedia":[{"embeddable":true,"href":"http:\/\/noticiastelered.com\/PortalDNoticias\/wp-json\/wp\/v2\/media\/79021"}],"wp:attachment":[{"href":"http:\/\/noticiastelered.com\/PortalDNoticias\/wp-json\/wp\/v2\/media?parent=79018"}],"wp:term":[{"taxonomy":"category","embeddable":true,"href":"http:\/\/noticiastelered.com\/PortalDNoticias\/wp-json\/wp\/v2\/categories?post=79018"},{"taxonomy":"post_tag","embeddable":true,"href":"http:\/\/noticiastelered.com\/PortalDNoticias\/wp-json\/wp\/v2\/tags?post=79018"}],"curies":[{"name":"wp","href":"https:\/\/api.w.org\/{rel}","templated":true}]}}