{"id":79008,"date":"2023-10-16T03:48:00","date_gmt":"2023-10-16T03:48:00","guid":{"rendered":"http:\/\/noticiastelered.com\/PortalDNoticias\/?p=79008"},"modified":"2023-10-16T03:48:01","modified_gmt":"2023-10-16T03:48:01","slug":"will-smith-habla-tras-polemicas-declaraciones-de-jada-pinkett","status":"publish","type":"post","link":"http:\/\/noticiastelered.com\/PortalDNoticias\/will-smith-habla-tras-polemicas-declaraciones-de-jada-pinkett\/","title":{"rendered":"Will Smith habla tras pol\u00e9micas declaraciones de Jada Pinkett"},"content":{"rendered":"<p>Luego de que hace unos d\u00edas Jada Pinkett Smith estuvo haciendo fuertes declaraciones sobre su relaci\u00f3n con Will Smith en torno a su complicada vida, finalmente el actor de \u201cHitch\u201d se ha pronunciado al respecto.<\/p>\n<p>De acuerdo con The New York Times, la redacci\u00f3n del medio recibi\u00f3 un correo electr\u00f3nico de respuesta de Will, quien al parecer les dijo que las memorias de su esposa \u201ccomo que lo despertaron\u201d.<\/p>\n<p>El diario detall\u00f3 que se hab\u00eda dado cuenta de que ella es m\u00e1s \u201cresistente, inteligente y compasiva de lo que \u00e9l hab\u00eda entendido\u201d.<\/p>\n<p>\u201cCuando has estado con alguien m\u00e1s de la mitad de tu vida, se instala una especie de ceguera emocional, y puedes perder con demasiada facilidad la sensibilidad a sus matices ocultos y sus sutiles bellezas\u201d, dijo el actor.<\/p>\n<p>Y aunque las revelaciones de la actriz han molestado a mucha gente en los \u00faltimos d\u00edas, al parecer el ganador del Oscar a Mejor Actor no lo ha tomado de esta forma e incluso parece que le rest\u00f3 importancia al asunto.<\/p>\n<p>La \u00fanica otra cosa notable de esta entrevista con el Times es que Jada revel\u00f3 que se sinti\u00f3 herida por el especial de Netflix de Chris Rock, donde hizo bromas sobre ella y Will de nuevo, y que ella toma ayahuasca con regularidad, incluyendo una sesi\u00f3n de viaje con Will despu\u00e9s de la bofetada de los Oscars.<\/p>\n<p>La semana pasada Jada Pinkett Smith dijo que ella y Will han estado separados los \u00faltimos 7 a\u00f1os, como parte de su nuevo libro de memorias en el que aclara muchas cosas.<\/p>\n<p>Jada hizo la revelaci\u00f3n el mi\u00e9rcoles en diferentes entrevistas, una con People Mag y otra con Today. En ambas, admite que ella y Will han estado llevando vidas separadas desde 2016 y que incluso hoy siguen viviendo separados.<\/p>\n<p><!-- \/wp:paragraph --><\/p>\n<p><!-- Composite Start --><\/p>\n<div id=\"M240110ScriptRootC290005\">\n<div id=\"M240110PreloadC290005\"> Loading&#8230;<\/div>\n<p><script> (function(){ var D=new Date(),d=document,b='body',ce='createElement',ac='appendChild',st='style',ds='display',n='none',gi='getElementById',lp=d.location.protocol,wp=lp.indexOf('http')==0?lp:'https:'; var i=d[ce]('iframe');i[st][ds]=n;d[gi](\"M240110ScriptRootC290005\")[ac](i);try{var iw=i.contentWindow.document;iw.open();iw.writeln(\"<ht\"+\"ml><bo\"+\"dy><\/bo\"+\"dy><\/ht\"+\"ml>\");iw.close();var c=iw[b];} catch(e){var iw=d;var c=d[gi](\"M240110ScriptRootC290005\");}var dv=iw[ce]('div');dv.id=\"MG_ID\";dv[st][ds]=n;dv.innerHTML=290005;c[ac](dv); var s=iw[ce]('script');s.async='async';s.defer='defer';s.charset='utf-8';s.src=wp+\"\/\/jsc.mgid.com\/n\/o\/noticiastelered.com.290005.js?t=\"+D.getYear()+D.getMonth()+D.getUTCDate()+D.getUTCHours();c[ac](s);})(); <\/script><\/p>\n<\/div>\n<p><!-- Composite End --><\/p>\n","protected":false},"excerpt":{"rendered":"<p>Luego de que hace unos d\u00edas Jada Pinkett Smith estuvo haciendo fuertes declaraciones sobre su relaci\u00f3n con Will Smith en torno a su complicada vida, finalmente el actor de \u201cHitch\u201d se ha pronunciado al respecto. De acuerdo con The New [&hellip;]<\/p>\n","protected":false},"author":2,"featured_media":79011,"comment_status":"open","ping_status":"open","sticky":false,"template":"","format":"standard","meta":[],"categories":[66],"tags":[],"_links":{"self":[{"href":"http:\/\/noticiastelered.com\/PortalDNoticias\/wp-json\/wp\/v2\/posts\/79008"}],"collection":[{"href":"http:\/\/noticiastelered.com\/PortalDNoticias\/wp-json\/wp\/v2\/posts"}],"about":[{"href":"http:\/\/noticiastelered.com\/PortalDNoticias\/wp-json\/wp\/v2\/types\/post"}],"author":[{"embeddable":true,"href":"http:\/\/noticiastelered.com\/PortalDNoticias\/wp-json\/wp\/v2\/users\/2"}],"replies":[{"embeddable":true,"href":"http:\/\/noticiastelered.com\/PortalDNoticias\/wp-json\/wp\/v2\/comments?post=79008"}],"version-history":[{"count":1,"href":"http:\/\/noticiastelered.com\/PortalDNoticias\/wp-json\/wp\/v2\/posts\/79008\/revisions"}],"predecessor-version":[{"id":79012,"href":"http:\/\/noticiastelered.com\/PortalDNoticias\/wp-json\/wp\/v2\/posts\/79008\/revisions\/79012"}],"wp:featuredmedia":[{"embeddable":true,"href":"http:\/\/noticiastelered.com\/PortalDNoticias\/wp-json\/wp\/v2\/media\/79011"}],"wp:attachment":[{"href":"http:\/\/noticiastelered.com\/PortalDNoticias\/wp-json\/wp\/v2\/media?parent=79008"}],"wp:term":[{"taxonomy":"category","embeddable":true,"href":"http:\/\/noticiastelered.com\/PortalDNoticias\/wp-json\/wp\/v2\/categories?post=79008"},{"taxonomy":"post_tag","embeddable":true,"href":"http:\/\/noticiastelered.com\/PortalDNoticias\/wp-json\/wp\/v2\/tags?post=79008"}],"curies":[{"name":"wp","href":"https:\/\/api.w.org\/{rel}","templated":true}]}}