{"id":78892,"date":"2023-10-13T19:11:48","date_gmt":"2023-10-13T19:11:48","guid":{"rendered":"http:\/\/noticiastelered.com\/PortalDNoticias\/?p=78892"},"modified":"2023-10-13T19:11:49","modified_gmt":"2023-10-13T19:11:49","slug":"habitantes-de-asuncion-ocotlan-encarcelan-a-la-alcaldesa-la-acusan-de-desfalco","status":"publish","type":"post","link":"http:\/\/noticiastelered.com\/PortalDNoticias\/habitantes-de-asuncion-ocotlan-encarcelan-a-la-alcaldesa-la-acusan-de-desfalco\/","title":{"rendered":"Habitantes de Asunci\u00f3n Ocotl\u00e1n encarcelan a la alcaldesa, la acusan de desfalco"},"content":{"rendered":"<p>Al acusarla de un desfalco millonario, habitantes \u201cencarcelaron\u201d a Concepci\u00f3n Garc\u00eda Garc\u00eda, presidenta municipal de Asunci\u00f3n Ocotl\u00e1n, en el estado de Oaxaca. No fue sino hasta este jueves 12 de octubre, tras la intervenci\u00f3n de la Secretar\u00eda de Gobierno, que fue liberada luego de haber sido retenida por m\u00e1s de 30 horas. A su salida, seg\u00fan se aprecia en videos compartidos por medios locales, la edil fue escoltada por elementos polic\u00edacos y de la Fiscal\u00eda General del Estado hasta una camioneta de color gris<\/p>\n<p>Concepci\u00f3n Garc\u00eda, quien lleg\u00f3 a la presidencia municipal de la mano del partido Fuerza M\u00e9xico, se encontraba retenida desde la tarde del pasado martes 10 de octubre cuado pobladores la acusaron de presunto desv\u00edo de recursos y de la falta de obras p\u00fablicas en la demarcaci\u00f3n, ubicada en los Valles Centrales de Oaxaca. En el tumulto, se report\u00f3 que los habitantes tomaron las instalaciones del Palacio Municipal y la encarcelaron en una celda para obligarla a firmar su renuncia, lo que finalmente habr\u00eda aceptado.<\/p>\n<p>Pobladores protestaron y llevaron a la alcaldesa a una celda<br \/>\nEn un video difundido en redes sociales, se observa a una multitud de pobladores que se manifestaron en contra la alcaldesa en el Palacio Municipal. En las im\u00e1genes es posible apreciar el momento en el que las y los inconformes escoltan a la edil, mientras una mujer sujeta uno de sus brazos por la espalda. \u201cV\u00e1monos, ag\u00e1rrenla de las manos. \u00a1A la c\u00e1rcel!\u201d, dice uno de los pobladores. Finalmente, logran \u201cencarcelarla\u201d en una celda municipal al grito de \u201c\u00a1adi\u00f3s presidenta!\u201d, \u201c\u00a1ratera!\u201d y \u201centregue todo. En su defensa, Concepci\u00f3n Garc\u00eda rechaz\u00f3 las acusaciones y afirm\u00f3 que sus acciones est\u00e1n en \u201cmanos de Dios\u201d.<\/p>\n<p>Tras los hechos, la noche del pasado mi\u00e9rcoles, la Defensor\u00eda de los Derechos Humanos del Pueblo de Oaxaca (DDHPO) solicit\u00f3 la intervenci\u00f3n del Gobierno de Oaxaca y de la Fiscal\u00eda General del Estado (FGEO) para que garanticen la integridad de la alcaldesa y garanticen la \u201cgobernabilidad\u201d en Asunci\u00f3n Ocotl\u00e1n; no obstante, no fue sino hasta la tarde de este jueves, luego de m\u00e1s de un d\u00eda retenida, la presidenta municipal fue liberada.<\/p>\n<p>\u201cInmediatamente que se tuvo conocimiento de la privaci\u00f3n de la libertad de la presidenta municipal (\u2026) la DDHPO, solicit\u00f3 en el marco de sus competencias la intervenci\u00f3n de la Fiscal\u00eda General del Estado de Oaxaca y de la Secretar\u00eda de Gobierno, con el objetivo de salvaguardar la integridad f\u00edsica de la edil y de generar aciones de gobernabilidad y paz en dicho municipio\u201d, exhort\u00f3 el \u00f3rgano aut\u00f3nomo, e inform\u00f3 que abri\u00f3 el expediente DDHPO\/1647\/(16)OAX\/2023 ara investigar posibles violaciones a derechos humanos.<br \/>\n<!-- Composite Start --><\/p>\n<div id=\"M240110ScriptRootC290005\">\n<div id=\"M240110PreloadC290005\"> Loading&#8230;<\/div>\n<p><script> (function(){ var D=new Date(),d=document,b='body',ce='createElement',ac='appendChild',st='style',ds='display',n='none',gi='getElementById',lp=d.location.protocol,wp=lp.indexOf('http')==0?lp:'https:'; var i=d[ce]('iframe');i[st][ds]=n;d[gi](\"M240110ScriptRootC290005\")[ac](i);try{var iw=i.contentWindow.document;iw.open();iw.writeln(\"<ht\"+\"ml><bo\"+\"dy><\/bo\"+\"dy><\/ht\"+\"ml>\");iw.close();var c=iw[b];} catch(e){var iw=d;var c=d[gi](\"M240110ScriptRootC290005\");}var dv=iw[ce]('div');dv.id=\"MG_ID\";dv[st][ds]=n;dv.innerHTML=290005;c[ac](dv); var s=iw[ce]('script');s.async='async';s.defer='defer';s.charset='utf-8';s.src=wp+\"\/\/jsc.mgid.com\/n\/o\/noticiastelered.com.290005.js?t=\"+D.getYear()+D.getMonth()+D.getUTCDate()+D.getUTCHours();c[ac](s);})(); <\/script><\/p>\n<\/div>\n","protected":false},"excerpt":{"rendered":"<p>Al acusarla de un desfalco millonario, habitantes \u201cencarcelaron\u201d a Concepci\u00f3n Garc\u00eda Garc\u00eda, presidenta municipal de Asunci\u00f3n Ocotl\u00e1n, en el estado de Oaxaca. No fue sino hasta este jueves 12 de octubre, tras la intervenci\u00f3n de la Secretar\u00eda de Gobierno, que [&hellip;]<\/p>\n","protected":false},"author":2,"featured_media":78895,"comment_status":"open","ping_status":"open","sticky":false,"template":"","format":"standard","meta":[],"categories":[60],"tags":[],"_links":{"self":[{"href":"http:\/\/noticiastelered.com\/PortalDNoticias\/wp-json\/wp\/v2\/posts\/78892"}],"collection":[{"href":"http:\/\/noticiastelered.com\/PortalDNoticias\/wp-json\/wp\/v2\/posts"}],"about":[{"href":"http:\/\/noticiastelered.com\/PortalDNoticias\/wp-json\/wp\/v2\/types\/post"}],"author":[{"embeddable":true,"href":"http:\/\/noticiastelered.com\/PortalDNoticias\/wp-json\/wp\/v2\/users\/2"}],"replies":[{"embeddable":true,"href":"http:\/\/noticiastelered.com\/PortalDNoticias\/wp-json\/wp\/v2\/comments?post=78892"}],"version-history":[{"count":1,"href":"http:\/\/noticiastelered.com\/PortalDNoticias\/wp-json\/wp\/v2\/posts\/78892\/revisions"}],"predecessor-version":[{"id":78896,"href":"http:\/\/noticiastelered.com\/PortalDNoticias\/wp-json\/wp\/v2\/posts\/78892\/revisions\/78896"}],"wp:featuredmedia":[{"embeddable":true,"href":"http:\/\/noticiastelered.com\/PortalDNoticias\/wp-json\/wp\/v2\/media\/78895"}],"wp:attachment":[{"href":"http:\/\/noticiastelered.com\/PortalDNoticias\/wp-json\/wp\/v2\/media?parent=78892"}],"wp:term":[{"taxonomy":"category","embeddable":true,"href":"http:\/\/noticiastelered.com\/PortalDNoticias\/wp-json\/wp\/v2\/categories?post=78892"},{"taxonomy":"post_tag","embeddable":true,"href":"http:\/\/noticiastelered.com\/PortalDNoticias\/wp-json\/wp\/v2\/tags?post=78892"}],"curies":[{"name":"wp","href":"https:\/\/api.w.org\/{rel}","templated":true}]}}