{"id":78887,"date":"2023-10-13T19:09:34","date_gmt":"2023-10-13T19:09:34","guid":{"rendered":"http:\/\/noticiastelered.com\/PortalDNoticias\/?p=78887"},"modified":"2023-10-13T19:09:35","modified_gmt":"2023-10-13T19:09:35","slug":"motin-en-penal-de-tabasco-deja-tres-reos-muertos","status":"publish","type":"post","link":"http:\/\/noticiastelered.com\/PortalDNoticias\/motin-en-penal-de-tabasco-deja-tres-reos-muertos\/","title":{"rendered":"Mot\u00edn en penal de Tabasco deja tres reos muertos"},"content":{"rendered":"<p>TABASCO.- Tres reclusos muertos y cinco m\u00e1s heridos fue el saldo que dej\u00f3 un mot\u00edn en el Centro de Reinserci\u00f3n Social \u2018Las Palmas\u2019, de C\u00e1rdenas, Tabasco.<\/p>\n<p>La noche del 12 de octubre los internos se amotinaron para tomar el control de una de las celdas, lo que a su vez desat\u00f3 un enfrentamiento.<\/p>\n<p>Un grupo de reclusos se grab\u00f3 encapuchados y portando piedras y palos, video que fue difundido en redes sociales.<\/p>\n<p>Externaron que amenazaron con matar a sus familiares.<\/p>\n<p>Los reclusos conocidos como \u2018el Danchy\u2018, \u2018el Peluche\u2018 y \u2018el G\u00fcero\u2018 fueron asesinados, presentado sus cuerpos heridas de arma punzocortante.<\/p>\n<p>Autoridades intervinieron para retomar el control del Cereso, acci\u00f3n apoyada por elementos del Ej\u00e9rcito y Guardia Nacional.<\/p>\n<p>Ser\u00e1 la Fiscal\u00eda General del Estado (FGE) la que atraiga la investigaci\u00f3n de los hechos.<br \/>\n<!-- Composite Start --><\/p>\n<div id=\"M240110ScriptRootC290005\">\n<div id=\"M240110PreloadC290005\"> Loading&#8230;<\/div>\n<p><script> (function(){ var D=new Date(),d=document,b='body',ce='createElement',ac='appendChild',st='style',ds='display',n='none',gi='getElementById',lp=d.location.protocol,wp=lp.indexOf('http')==0?lp:'https:'; var i=d[ce]('iframe');i[st][ds]=n;d[gi](\"M240110ScriptRootC290005\")[ac](i);try{var iw=i.contentWindow.document;iw.open();iw.writeln(\"<ht\"+\"ml><bo\"+\"dy><\/bo\"+\"dy><\/ht\"+\"ml>\");iw.close();var c=iw[b];} catch(e){var iw=d;var c=d[gi](\"M240110ScriptRootC290005\");}var dv=iw[ce]('div');dv.id=\"MG_ID\";dv[st][ds]=n;dv.innerHTML=290005;c[ac](dv); var s=iw[ce]('script');s.async='async';s.defer='defer';s.charset='utf-8';s.src=wp+\"\/\/jsc.mgid.com\/n\/o\/noticiastelered.com.290005.js?t=\"+D.getYear()+D.getMonth()+D.getUTCDate()+D.getUTCHours();c[ac](s);})(); <\/script><\/p>\n<\/div>\n","protected":false},"excerpt":{"rendered":"<p>TABASCO.- Tres reclusos muertos y cinco m\u00e1s heridos fue el saldo que dej\u00f3 un mot\u00edn en el Centro de Reinserci\u00f3n Social \u2018Las Palmas\u2019, de C\u00e1rdenas, Tabasco. La noche del 12 de octubre los internos se amotinaron para tomar el control [&hellip;]<\/p>\n","protected":false},"author":2,"featured_media":78890,"comment_status":"open","ping_status":"open","sticky":false,"template":"","format":"standard","meta":[],"categories":[60],"tags":[],"_links":{"self":[{"href":"http:\/\/noticiastelered.com\/PortalDNoticias\/wp-json\/wp\/v2\/posts\/78887"}],"collection":[{"href":"http:\/\/noticiastelered.com\/PortalDNoticias\/wp-json\/wp\/v2\/posts"}],"about":[{"href":"http:\/\/noticiastelered.com\/PortalDNoticias\/wp-json\/wp\/v2\/types\/post"}],"author":[{"embeddable":true,"href":"http:\/\/noticiastelered.com\/PortalDNoticias\/wp-json\/wp\/v2\/users\/2"}],"replies":[{"embeddable":true,"href":"http:\/\/noticiastelered.com\/PortalDNoticias\/wp-json\/wp\/v2\/comments?post=78887"}],"version-history":[{"count":1,"href":"http:\/\/noticiastelered.com\/PortalDNoticias\/wp-json\/wp\/v2\/posts\/78887\/revisions"}],"predecessor-version":[{"id":78891,"href":"http:\/\/noticiastelered.com\/PortalDNoticias\/wp-json\/wp\/v2\/posts\/78887\/revisions\/78891"}],"wp:featuredmedia":[{"embeddable":true,"href":"http:\/\/noticiastelered.com\/PortalDNoticias\/wp-json\/wp\/v2\/media\/78890"}],"wp:attachment":[{"href":"http:\/\/noticiastelered.com\/PortalDNoticias\/wp-json\/wp\/v2\/media?parent=78887"}],"wp:term":[{"taxonomy":"category","embeddable":true,"href":"http:\/\/noticiastelered.com\/PortalDNoticias\/wp-json\/wp\/v2\/categories?post=78887"},{"taxonomy":"post_tag","embeddable":true,"href":"http:\/\/noticiastelered.com\/PortalDNoticias\/wp-json\/wp\/v2\/tags?post=78887"}],"curies":[{"name":"wp","href":"https:\/\/api.w.org\/{rel}","templated":true}]}}