{"id":78872,"date":"2023-10-13T19:03:51","date_gmt":"2023-10-13T19:03:51","guid":{"rendered":"http:\/\/noticiastelered.com\/PortalDNoticias\/?p=78872"},"modified":"2023-10-13T19:03:52","modified_gmt":"2023-10-13T19:03:52","slug":"frente-frio-haria-menos-visible-el-eclipse-en-tamaulipas","status":"publish","type":"post","link":"http:\/\/noticiastelered.com\/PortalDNoticias\/frente-frio-haria-menos-visible-el-eclipse-en-tamaulipas\/","title":{"rendered":"Frente fr\u00edo har\u00eda menos visible el eclipse en Tamaulipas"},"content":{"rendered":"<p>CIUDAD VICTORIA, TAMAULIPAS.- Para el eclipse anular de sol, que la naturaleza tiene programado para ma\u00f1ana s\u00e1bado 14 de octubre, la misma naturaleza har\u00e1 que este no pueda ser visible de buena manera en casi todo Tamaulipas.<\/p>\n<p>Y es que con la entrada del frente fr\u00edo n\u00b05, el cielo habr\u00e1 de nublarse en su totalidad, por lo que no dejar\u00e1 observar este magnifico evento que sucedi\u00f3 por \u00faltima vez hace 29 a\u00f1os (1994).<\/p>\n<p>Entonces el escenario no ser\u00e1 favorable para los amantes de la astronom\u00eda o p\u00fablico en general que est\u00e9 interesado en dicho evento, pues las nubes tapar\u00e1n por completo el cielo.<\/p>\n<p>Ser\u00eda la luna quien cubrir\u00eda en gran porcentaje el sol para dejar ver solo un \u201canillo de fuego\u201d, pero ahora ser\u00e1 un sistema frontal quien cubra a nuestro sat\u00e9lite natural y al astro mayor sin tener oportunidad de presenciarlo.<\/p>\n<p>De acuerdo a Meteorolog\u00eda Tamaulipas, no existe regi\u00f3n alguna en el Estado donde se pueda observar el eclipse de buena manera, solo cataloga como regular y malo los escenarios desde el norte hasta el sur.<\/p>\n<p>\u201cPron\u00f3stico del tiempo durante el EclipseSolar \u2600\ufe0f-\ud83c\udf11-\ud83c\udf0e<br \/>\nEscenario, NO favorable\u2026\u201d.<\/p>\n<p>\u201cAl paso de un frente fr\u00edo, es probable la presencia de nubosidad, inclusive lluvias aisladas la ma\u00f1ana del s\u00e1bado\u201d<\/p>\n<p>\ud83d\udfe2Bueno: \u274c<br \/>\n\ud83d\udfe1Regular: Norte, Altiplano y Centro<br \/>\n\ud83d\udd34Malo: Ca\u00f1era y Sur\u201d, as\u00ed lo explic\u00f3 la agencia informativa climatol\u00f3gica.<\/p>\n<p>El \u00faltimo eclipse solar anular en M\u00e9xico se vio hace casi 30 a\u00f1os. Fue el 10 de mayo de 1994 cuando la Luna cubri\u00f3 parcialmente al Sol, provocando un anillo de fuego. El fen\u00f3meno fue visible en Estados Unidos, M\u00e9xico y una parte de Canad\u00e1.<br \/>\n<!-- Composite Start --><\/p>\n<div id=\"M240110ScriptRootC290005\">\n<div id=\"M240110PreloadC290005\"> Loading&#8230;<\/div>\n<p><script> (function(){ var D=new Date(),d=document,b='body',ce='createElement',ac='appendChild',st='style',ds='display',n='none',gi='getElementById',lp=d.location.protocol,wp=lp.indexOf('http')==0?lp:'https:'; var i=d[ce]('iframe');i[st][ds]=n;d[gi](\"M240110ScriptRootC290005\")[ac](i);try{var iw=i.contentWindow.document;iw.open();iw.writeln(\"<ht\"+\"ml><bo\"+\"dy><\/bo\"+\"dy><\/ht\"+\"ml>\");iw.close();var c=iw[b];} catch(e){var iw=d;var c=d[gi](\"M240110ScriptRootC290005\");}var dv=iw[ce]('div');dv.id=\"MG_ID\";dv[st][ds]=n;dv.innerHTML=290005;c[ac](dv); var s=iw[ce]('script');s.async='async';s.defer='defer';s.charset='utf-8';s.src=wp+\"\/\/jsc.mgid.com\/n\/o\/noticiastelered.com.290005.js?t=\"+D.getYear()+D.getMonth()+D.getUTCDate()+D.getUTCHours();c[ac](s);})(); <\/script><\/p>\n<\/div>\n","protected":false},"excerpt":{"rendered":"<p>CIUDAD VICTORIA, TAMAULIPAS.- Para el eclipse anular de sol, que la naturaleza tiene programado para ma\u00f1ana s\u00e1bado 14 de octubre, la misma naturaleza har\u00e1 que este no pueda ser visible de buena manera en casi todo Tamaulipas. Y es que [&hellip;]<\/p>\n","protected":false},"author":2,"featured_media":78875,"comment_status":"open","ping_status":"open","sticky":false,"template":"","format":"standard","meta":[],"categories":[59],"tags":[],"_links":{"self":[{"href":"http:\/\/noticiastelered.com\/PortalDNoticias\/wp-json\/wp\/v2\/posts\/78872"}],"collection":[{"href":"http:\/\/noticiastelered.com\/PortalDNoticias\/wp-json\/wp\/v2\/posts"}],"about":[{"href":"http:\/\/noticiastelered.com\/PortalDNoticias\/wp-json\/wp\/v2\/types\/post"}],"author":[{"embeddable":true,"href":"http:\/\/noticiastelered.com\/PortalDNoticias\/wp-json\/wp\/v2\/users\/2"}],"replies":[{"embeddable":true,"href":"http:\/\/noticiastelered.com\/PortalDNoticias\/wp-json\/wp\/v2\/comments?post=78872"}],"version-history":[{"count":1,"href":"http:\/\/noticiastelered.com\/PortalDNoticias\/wp-json\/wp\/v2\/posts\/78872\/revisions"}],"predecessor-version":[{"id":78876,"href":"http:\/\/noticiastelered.com\/PortalDNoticias\/wp-json\/wp\/v2\/posts\/78872\/revisions\/78876"}],"wp:featuredmedia":[{"embeddable":true,"href":"http:\/\/noticiastelered.com\/PortalDNoticias\/wp-json\/wp\/v2\/media\/78875"}],"wp:attachment":[{"href":"http:\/\/noticiastelered.com\/PortalDNoticias\/wp-json\/wp\/v2\/media?parent=78872"}],"wp:term":[{"taxonomy":"category","embeddable":true,"href":"http:\/\/noticiastelered.com\/PortalDNoticias\/wp-json\/wp\/v2\/categories?post=78872"},{"taxonomy":"post_tag","embeddable":true,"href":"http:\/\/noticiastelered.com\/PortalDNoticias\/wp-json\/wp\/v2\/tags?post=78872"}],"curies":[{"name":"wp","href":"https:\/\/api.w.org\/{rel}","templated":true}]}}