{"id":78713,"date":"2023-10-11T18:34:24","date_gmt":"2023-10-11T18:34:24","guid":{"rendered":"http:\/\/noticiastelered.com\/PortalDNoticias\/?p=78713"},"modified":"2023-10-11T18:34:25","modified_gmt":"2023-10-11T18:34:25","slug":"impulsa-uat-proyectos-con-empresarios-del-sur","status":"publish","type":"post","link":"http:\/\/noticiastelered.com\/PortalDNoticias\/impulsa-uat-proyectos-con-empresarios-del-sur\/","title":{"rendered":"Impulsa UAT proyectos con empresarios del sur"},"content":{"rendered":"<p>CIUDAD VICTORIA, TAMAULIPAS.- La Universidad Aut\u00f3noma de Tamaulipas (UAT) y el Consejo de Instituciones Empresariales del Sur de Tamaulipas (CIEST) establecieron un convenio de colaboraci\u00f3n que permitir\u00e1 fortalecer programas para la formaci\u00f3n de los estudiantes e impulsar proyectos que contribuyan en el desarrollo econ\u00f3mico y social de la regi\u00f3n.<\/p>\n<p>El acuerdo fue firmado por el C.P. Guillermo Mendoza Cavazos, rector de la UAT, y por el Ing. Jos\u00e9 Luis del \u00c1ngel Sosa, presidente del CIEST, ante la asistencia de integrantes del organismo empresarial en Tampico, Tamaulipas.<\/p>\n<p>En su mensaje, el contador p\u00fablico Guillermo Mendoza destac\u00f3 que en el nuevo modelo educativo de la UAT se busca fortalecer la vinculaci\u00f3n con los sectores productivos, como es el caso de este convenio, que abre oportunidades a la comunidad estudiantil de realizar su servicio social y pr\u00e1cticas profesionales en las empresas asociadas al CIEST.<\/p>\n<p>Sostuvo que la participaci\u00f3n de los alumnos en las operaciones de las empresas ser\u00e1 muy importante para el desarrollo de sus perfiles profesionales.<\/p>\n<p>En ese contexto, dijo que la UAT trabaja para incorporar la educaci\u00f3n dual con la finalidad de que los estudiantes, desde el inicio de su carrera, se involucren de manera directa en los sectores productivos.<\/p>\n<p>De igual manera destac\u00f3 la importancia de que, por medio de este convenio, la UAT aportar\u00e1 el trabajo de sus investigadores para los estudios especializados en el tema del agua en esta regi\u00f3n del sur de Tamaulipas.<\/p>\n<p>Por su parte, el presidente del CIEST, Ing. Jos\u00e9 Luis del \u00c1ngel Sosa, agradeci\u00f3 la disposici\u00f3n de la UAT para trabajar de manera conjunta con el sector empresarial del sur de Tamaulipas, en donde sobresale la elaboraci\u00f3n del proyecto ejecutivo del sistema lagunario del r\u00edo Tames\u00ed.<\/p>\n<p>Entre otros aspectos, el titular del CIEST resalt\u00f3 la elaboraci\u00f3n de propuestas que buscan incidir en el desarrollo tur\u00edstico y en la salud, adem\u00e1s de generar programas de vinculaci\u00f3n acad\u00e9mica. Cabe se\u00f1alar que en el evento estuvo presente el Dr. Eduardo Arvizu S\u00e1nchez, secretario general de la UAT y como testigo por parte del CIEST, acompa\u00f1\u00f3 el acto el Lic. Luis Apperti Llovet, miembro del consejo directivo.<br \/>\n<!-- Composite Start --><\/p>\n<div id=\"M240110ScriptRootC290005\">\n<div id=\"M240110PreloadC290005\"> Loading&#8230;<\/div>\n<p><script> (function(){ var D=new Date(),d=document,b='body',ce='createElement',ac='appendChild',st='style',ds='display',n='none',gi='getElementById',lp=d.location.protocol,wp=lp.indexOf('http')==0?lp:'https:'; var i=d[ce]('iframe');i[st][ds]=n;d[gi](\"M240110ScriptRootC290005\")[ac](i);try{var iw=i.contentWindow.document;iw.open();iw.writeln(\"<ht\"+\"ml><bo\"+\"dy><\/bo\"+\"dy><\/ht\"+\"ml>\");iw.close();var c=iw[b];} catch(e){var iw=d;var c=d[gi](\"M240110ScriptRootC290005\");}var dv=iw[ce]('div');dv.id=\"MG_ID\";dv[st][ds]=n;dv.innerHTML=290005;c[ac](dv); var s=iw[ce]('script');s.async='async';s.defer='defer';s.charset='utf-8';s.src=wp+\"\/\/jsc.mgid.com\/n\/o\/noticiastelered.com.290005.js?t=\"+D.getYear()+D.getMonth()+D.getUTCDate()+D.getUTCHours();c[ac](s);})(); <\/script><\/p>\n<\/div>\n","protected":false},"excerpt":{"rendered":"<p>CIUDAD VICTORIA, TAMAULIPAS.- La Universidad Aut\u00f3noma de Tamaulipas (UAT) y el Consejo de Instituciones Empresariales del Sur de Tamaulipas (CIEST) establecieron un convenio de colaboraci\u00f3n que permitir\u00e1 fortalecer programas para la formaci\u00f3n de los estudiantes e impulsar proyectos que contribuyan [&hellip;]<\/p>\n","protected":false},"author":2,"featured_media":78716,"comment_status":"open","ping_status":"open","sticky":false,"template":"","format":"standard","meta":[],"categories":[59],"tags":[],"_links":{"self":[{"href":"http:\/\/noticiastelered.com\/PortalDNoticias\/wp-json\/wp\/v2\/posts\/78713"}],"collection":[{"href":"http:\/\/noticiastelered.com\/PortalDNoticias\/wp-json\/wp\/v2\/posts"}],"about":[{"href":"http:\/\/noticiastelered.com\/PortalDNoticias\/wp-json\/wp\/v2\/types\/post"}],"author":[{"embeddable":true,"href":"http:\/\/noticiastelered.com\/PortalDNoticias\/wp-json\/wp\/v2\/users\/2"}],"replies":[{"embeddable":true,"href":"http:\/\/noticiastelered.com\/PortalDNoticias\/wp-json\/wp\/v2\/comments?post=78713"}],"version-history":[{"count":1,"href":"http:\/\/noticiastelered.com\/PortalDNoticias\/wp-json\/wp\/v2\/posts\/78713\/revisions"}],"predecessor-version":[{"id":78717,"href":"http:\/\/noticiastelered.com\/PortalDNoticias\/wp-json\/wp\/v2\/posts\/78713\/revisions\/78717"}],"wp:featuredmedia":[{"embeddable":true,"href":"http:\/\/noticiastelered.com\/PortalDNoticias\/wp-json\/wp\/v2\/media\/78716"}],"wp:attachment":[{"href":"http:\/\/noticiastelered.com\/PortalDNoticias\/wp-json\/wp\/v2\/media?parent=78713"}],"wp:term":[{"taxonomy":"category","embeddable":true,"href":"http:\/\/noticiastelered.com\/PortalDNoticias\/wp-json\/wp\/v2\/categories?post=78713"},{"taxonomy":"post_tag","embeddable":true,"href":"http:\/\/noticiastelered.com\/PortalDNoticias\/wp-json\/wp\/v2\/tags?post=78713"}],"curies":[{"name":"wp","href":"https:\/\/api.w.org\/{rel}","templated":true}]}}