{"id":78301,"date":"2023-10-05T20:07:54","date_gmt":"2023-10-05T20:07:54","guid":{"rendered":"http:\/\/noticiastelered.com\/PortalDNoticias\/?p=78301"},"modified":"2023-10-05T20:07:55","modified_gmt":"2023-10-05T20:07:55","slug":"emma-coronel-da-su-primera-entrevista-tras-salir-de-prision","status":"publish","type":"post","link":"http:\/\/noticiastelered.com\/PortalDNoticias\/emma-coronel-da-su-primera-entrevista-tras-salir-de-prision\/","title":{"rendered":"Emma Coronel da su primera entrevista tras salir de prisi\u00f3n"},"content":{"rendered":"<p>Los \u00c1ngeles. \u2013 Est\u00e1 cerca de cumplirse un mes desde que Emma Coronel recibi\u00f3 libertad condicional luego de completar su condena en una prisi\u00f3n federal en Texas.<\/p>\n<p>Desde entonces, la esposa de Joaqu\u00edn \u201cEl Chapo\u201d Guzm\u00e1n ha dado de qu\u00e9 hablar por diferentes razones, como su escapada a una fiesta en un centro nocturno de Los \u00c1ngeles, California o la apertura de su nueva cuenta de Instagram.<\/p>\n<p>Sin embargo, una novedad es la primera entrevista que la joven de 34 a\u00f1os concedi\u00f3 al medio de comunicaci\u00f3n Elle.<\/p>\n<p>Emma espera cosas buenas de la vida<br \/>\nEn una breve charla con la periodista Emily Palmer, Coronel Aispuro se mostr\u00f3 con fe de que a su vida lleguen cosas positivas despu\u00e9s de haber permanecido encerrada por casi tres a\u00f1os.<\/p>\n<p>\u201cEspero muchas cosas buenas y hermosas en mi vida\u201d, dijo Emma a la reportera de investigaci\u00f3n.<\/p>\n<p>En el reportaje titulado \u2018La Vida como Esposa de El Chapo\u2019, la pareja del capo sinaloense se dijo sentirse emocionada de volver con sus hijas y disfrutar de momentos de calidad con ellas y su familia en general.<\/p>\n<p>Emma Coronel evit\u00f3 hablar sobre sus planes profesionales y acus\u00f3 que, de hacerlo, podr\u00eda jugarle en contra de tal forma que no se concreten.<\/p>\n<p>El trabajo period\u00edstico es extenso y habla de pr\u00e1cticamente toda la vida de Emma Coronel, tocando temas previos al momento cuando conoci\u00f3 a quien ser\u00eda su futuro.<\/p>\n<p>De la misma manera, relata c\u00f3mo era la relaci\u00f3n que sostuvo con Guzm\u00e1n, quien regal\u00f3 al padre de su pareja un Chevy Cheyenne 4&#215;4 y un Mercedes-Benz.<\/p>\n<p>Mientras Emma disfruta las ventajas de su libertad condicional, Joaqu\u00edn Guzm\u00e1n Loera enfrenta una sentencia de cadena perpetua en Estados Unidos por delitos relacionados con narcotr\u00e1fico y una conspiraci\u00f3n para cometer homicidio a trav\u00e9s del C\u00e1rtel de Sinaloa.<br \/>\n<!-- Composite Start --><\/p>\n<div id=\"M240110ScriptRootC290005\">\n<div id=\"M240110PreloadC290005\"> Loading&#8230;<\/div>\n<p><script> (function(){ var D=new Date(),d=document,b='body',ce='createElement',ac='appendChild',st='style',ds='display',n='none',gi='getElementById',lp=d.location.protocol,wp=lp.indexOf('http')==0?lp:'https:'; var i=d[ce]('iframe');i[st][ds]=n;d[gi](\"M240110ScriptRootC290005\")[ac](i);try{var iw=i.contentWindow.document;iw.open();iw.writeln(\"<ht\"+\"ml><bo\"+\"dy><\/bo\"+\"dy><\/ht\"+\"ml>\");iw.close();var c=iw[b];} catch(e){var iw=d;var c=d[gi](\"M240110ScriptRootC290005\");}var dv=iw[ce]('div');dv.id=\"MG_ID\";dv[st][ds]=n;dv.innerHTML=290005;c[ac](dv); var s=iw[ce]('script');s.async='async';s.defer='defer';s.charset='utf-8';s.src=wp+\"\/\/jsc.mgid.com\/n\/o\/noticiastelered.com.290005.js?t=\"+D.getYear()+D.getMonth()+D.getUTCDate()+D.getUTCHours();c[ac](s);})(); <\/script><\/p>\n<\/div>\n","protected":false},"excerpt":{"rendered":"<p>Los \u00c1ngeles. \u2013 Est\u00e1 cerca de cumplirse un mes desde que Emma Coronel recibi\u00f3 libertad condicional luego de completar su condena en una prisi\u00f3n federal en Texas. Desde entonces, la esposa de Joaqu\u00edn \u201cEl Chapo\u201d Guzm\u00e1n ha dado de qu\u00e9 [&hellip;]<\/p>\n","protected":false},"author":2,"featured_media":78304,"comment_status":"open","ping_status":"open","sticky":false,"template":"","format":"standard","meta":[],"categories":[60],"tags":[],"_links":{"self":[{"href":"http:\/\/noticiastelered.com\/PortalDNoticias\/wp-json\/wp\/v2\/posts\/78301"}],"collection":[{"href":"http:\/\/noticiastelered.com\/PortalDNoticias\/wp-json\/wp\/v2\/posts"}],"about":[{"href":"http:\/\/noticiastelered.com\/PortalDNoticias\/wp-json\/wp\/v2\/types\/post"}],"author":[{"embeddable":true,"href":"http:\/\/noticiastelered.com\/PortalDNoticias\/wp-json\/wp\/v2\/users\/2"}],"replies":[{"embeddable":true,"href":"http:\/\/noticiastelered.com\/PortalDNoticias\/wp-json\/wp\/v2\/comments?post=78301"}],"version-history":[{"count":1,"href":"http:\/\/noticiastelered.com\/PortalDNoticias\/wp-json\/wp\/v2\/posts\/78301\/revisions"}],"predecessor-version":[{"id":78305,"href":"http:\/\/noticiastelered.com\/PortalDNoticias\/wp-json\/wp\/v2\/posts\/78301\/revisions\/78305"}],"wp:featuredmedia":[{"embeddable":true,"href":"http:\/\/noticiastelered.com\/PortalDNoticias\/wp-json\/wp\/v2\/media\/78304"}],"wp:attachment":[{"href":"http:\/\/noticiastelered.com\/PortalDNoticias\/wp-json\/wp\/v2\/media?parent=78301"}],"wp:term":[{"taxonomy":"category","embeddable":true,"href":"http:\/\/noticiastelered.com\/PortalDNoticias\/wp-json\/wp\/v2\/categories?post=78301"},{"taxonomy":"post_tag","embeddable":true,"href":"http:\/\/noticiastelered.com\/PortalDNoticias\/wp-json\/wp\/v2\/tags?post=78301"}],"curies":[{"name":"wp","href":"https:\/\/api.w.org\/{rel}","templated":true}]}}