{"id":78296,"date":"2023-10-05T20:05:28","date_gmt":"2023-10-05T20:05:28","guid":{"rendered":"http:\/\/noticiastelered.com\/PortalDNoticias\/?p=78296"},"modified":"2023-10-05T20:05:30","modified_gmt":"2023-10-05T20:05:30","slug":"mama-se-entero-por-twitter-que-su-hija-fue-asesinada-por-su-novio","status":"publish","type":"post","link":"http:\/\/noticiastelered.com\/PortalDNoticias\/mama-se-entero-por-twitter-que-su-hija-fue-asesinada-por-su-novio\/","title":{"rendered":"Mam\u00e1 se enter\u00f3 por Twitter que su hija fue asesinada por su novio"},"content":{"rendered":"<p>Oaxaca.-  La muerte de Valeria, de 24 a\u00f1os, una estudiante del Instituto Polit\u00e9cnico Nacional (IPN), ha causado conmoci\u00f3n en todo el Pa\u00eds.<\/p>\n<p>El asesino de la joven fue detenido por polic\u00edas Secretar\u00eda de Seguridad Ciudadana (SSC) tras cometer el crimen en un domicilio ubicado en la alcald\u00eda Coyoac\u00e1n.<\/p>\n<p>De acuerdo al periodista Carlos Jim\u00e9nez, la madre de Valeria se dio cuenta del asesinato de su hija a trav\u00e9s de Twitter.<\/p>\n<p>La mujer al ver la detenci\u00f3n del novio de la joven en redes sociales,  supo que la noticia sobre una estudiante asesinada, se trataba de Valeria.<\/p>\n<p>\u201cPor favor, necesito informaci\u00f3n, es mi familiar y no nos hab\u00edan informado nada, les envi\u00e9 un mensaje privado\u201d, escribi\u00f3 la madre de la joven en Twitter.<\/p>\n<p>La autoridad se\u00f1al\u00f3 que Valeria fue asfixiada por Ricardo luego de que ambos discutieran. El responsable dijo a la polic\u00eda que la v\u00edctima intent\u00f3 agredirlo por lo que se &#8220;defendi\u00f3 y la mat\u00f3 en defensa propia&#8221;.<\/p>\n<p>De acuerdo a medios nacionales, Valeria era originaria de Oaxaca y se mud\u00f3 a la Ciudad de M\u00e9xico para cursar sus estudios universitarios en el Instituto Polit\u00e9cnico Nacional (IPN) en la Licenciatura de Comercio y Negocios Internacionales.<\/p>\n<p>La joven junto a su pareja sentimental rentaban un domicilio en la zona Xotepingo, sitio donde fue asesinada.<\/p>\n<p>Cuando los peritos de la Fiscal\u00eda General de Justicia llegaron a la zona, detectaron que el cuerpo de la mujer presentaba signos de violencia en el \u00e1rea del cuello.<\/p>\n<p>Familiares y amigos de la v\u00edctima exigieron justicia por su feminicidio y pidieron que ya no sigan pasando m\u00e1s actos violentos en contra de mujeres.<\/p>\n<p>C\u00f3mo se clasifica un feminicidio<br \/>\nEn el C\u00f3digo Penal Federal el feminicidio se encuentra tipificado en el art\u00edculo 325.<\/p>\n<p>Establece que  &#8220;comete el delito de feminicidio quien prive de la vida a una mujer por razones de g\u00e9nero. Se considera que existen razones de g\u00e9nero cuando concurra alguna de las siguientes circunstancias:<\/p>\n<p>La v\u00edctima presente signos de violencia sexual de cualquier tipo<br \/>\nSe le hayan infligido lesiones o mutilaciones infamantes o degradantes, previas o posteriores a la privaci\u00f3n de la vida o actos de necrofilia.<\/p>\n<p>Existan antecedentes o datos de cualquier tipo de violencia en el \u00e1mbito familiar, laboral o escolar, del sujeto activo en contra de la v\u00edctima, entre otros.<br \/>\n<!-- Composite Start --><\/p>\n<div id=\"M240110ScriptRootC290005\">\n<div id=\"M240110PreloadC290005\"> Loading&#8230;<\/div>\n<p><script> (function(){ var D=new Date(),d=document,b='body',ce='createElement',ac='appendChild',st='style',ds='display',n='none',gi='getElementById',lp=d.location.protocol,wp=lp.indexOf('http')==0?lp:'https:'; var i=d[ce]('iframe');i[st][ds]=n;d[gi](\"M240110ScriptRootC290005\")[ac](i);try{var iw=i.contentWindow.document;iw.open();iw.writeln(\"<ht\"+\"ml><bo\"+\"dy><\/bo\"+\"dy><\/ht\"+\"ml>\");iw.close();var c=iw[b];} catch(e){var iw=d;var c=d[gi](\"M240110ScriptRootC290005\");}var dv=iw[ce]('div');dv.id=\"MG_ID\";dv[st][ds]=n;dv.innerHTML=290005;c[ac](dv); var s=iw[ce]('script');s.async='async';s.defer='defer';s.charset='utf-8';s.src=wp+\"\/\/jsc.mgid.com\/n\/o\/noticiastelered.com.290005.js?t=\"+D.getYear()+D.getMonth()+D.getUTCDate()+D.getUTCHours();c[ac](s);})(); <\/script><\/p>\n<\/div>\n","protected":false},"excerpt":{"rendered":"<p>Oaxaca.- La muerte de Valeria, de 24 a\u00f1os, una estudiante del Instituto Polit\u00e9cnico Nacional (IPN), ha causado conmoci\u00f3n en todo el Pa\u00eds. El asesino de la joven fue detenido por polic\u00edas Secretar\u00eda de Seguridad Ciudadana (SSC) tras cometer el crimen [&hellip;]<\/p>\n","protected":false},"author":2,"featured_media":78299,"comment_status":"open","ping_status":"open","sticky":false,"template":"","format":"standard","meta":[],"categories":[60],"tags":[],"_links":{"self":[{"href":"http:\/\/noticiastelered.com\/PortalDNoticias\/wp-json\/wp\/v2\/posts\/78296"}],"collection":[{"href":"http:\/\/noticiastelered.com\/PortalDNoticias\/wp-json\/wp\/v2\/posts"}],"about":[{"href":"http:\/\/noticiastelered.com\/PortalDNoticias\/wp-json\/wp\/v2\/types\/post"}],"author":[{"embeddable":true,"href":"http:\/\/noticiastelered.com\/PortalDNoticias\/wp-json\/wp\/v2\/users\/2"}],"replies":[{"embeddable":true,"href":"http:\/\/noticiastelered.com\/PortalDNoticias\/wp-json\/wp\/v2\/comments?post=78296"}],"version-history":[{"count":1,"href":"http:\/\/noticiastelered.com\/PortalDNoticias\/wp-json\/wp\/v2\/posts\/78296\/revisions"}],"predecessor-version":[{"id":78300,"href":"http:\/\/noticiastelered.com\/PortalDNoticias\/wp-json\/wp\/v2\/posts\/78296\/revisions\/78300"}],"wp:featuredmedia":[{"embeddable":true,"href":"http:\/\/noticiastelered.com\/PortalDNoticias\/wp-json\/wp\/v2\/media\/78299"}],"wp:attachment":[{"href":"http:\/\/noticiastelered.com\/PortalDNoticias\/wp-json\/wp\/v2\/media?parent=78296"}],"wp:term":[{"taxonomy":"category","embeddable":true,"href":"http:\/\/noticiastelered.com\/PortalDNoticias\/wp-json\/wp\/v2\/categories?post=78296"},{"taxonomy":"post_tag","embeddable":true,"href":"http:\/\/noticiastelered.com\/PortalDNoticias\/wp-json\/wp\/v2\/tags?post=78296"}],"curies":[{"name":"wp","href":"https:\/\/api.w.org\/{rel}","templated":true}]}}