{"id":78291,"date":"2023-10-05T19:57:15","date_gmt":"2023-10-05T19:57:15","guid":{"rendered":"http:\/\/noticiastelered.com\/PortalDNoticias\/?p=78291"},"modified":"2023-10-05T19:57:16","modified_gmt":"2023-10-05T19:57:16","slug":"clases-sabatinas-en-tamaulipas-que-alumnos-deberan-asistir","status":"publish","type":"post","link":"http:\/\/noticiastelered.com\/PortalDNoticias\/clases-sabatinas-en-tamaulipas-que-alumnos-deberan-asistir\/","title":{"rendered":"Clases sabatinas en Tamaulipas: \u00bfQu\u00e9 alumnos deber\u00e1n asistir?"},"content":{"rendered":"<p>Tras concluir el paro laboral de maestros en Tamaulipas, la Secretar\u00eda de Educaci\u00f3n P\u00fablica (SEP) del estado dio a conocer la posibilidad de que alumnos de primaria y secundaria deban asistir a clases durante los s\u00e1bados de octubre para reponer los cursos perdidos.<\/p>\n<p>Lo anterior se debe a que, semanas atr\u00e1s, los docentes realizaron una protesta y suspendieron actividades durante 15 d\u00edas para exigir mejores condiciones de trabajo, principalmente el pago completo de sus sueldos, la regularizaci\u00f3n de las bases y el fin de los malos tratos hacia ellos.<\/p>\n<p>Seg\u00fan medios locales, recientemente, las autoridades de la Secretar\u00eda de Educaci\u00f3n en Tamaulipas, anunciaron que ser\u00e1n los directores de las instituciones educativas quienes decidan cu\u00e1l ser\u00e1 el mejor horario para recuperar las clases perdidas.<\/p>\n<p>\u00bfSon obligatorias las clases en s\u00e1bado?<br \/>\nAl respecto, la Uni\u00f3n Nacional de Padres de Familias (UNPF) en Reynosa se pronunci\u00f3 sobre esta medida y dijo no se podr\u00e1 obligar, ni bajar calificaciones, a los que decidan no mandar a sus hijos a reponer clases durante los s\u00e1bados o en horario extendido.<\/p>\n<p>Guillermo Rodr\u00edguez Leal, presidente de la UNPF en Reynosa, se\u00f1al\u00f3 que el sindicato y la autoridad escolar ya est\u00e1n en negociaciones, sin embargo, posterior a ello tendr\u00e1n que consultarlo con los padres de familia de cada escuela, para que quien desee enviar a sus hijos a clases extras o de apoyo escolar, as\u00ed lo haga.<\/p>\n<p>\u201cPero a nadie se le puede obligar, ni bajar calificaciones a los ni\u00f1os por no asistir en s\u00e1bados o clases extra en otro horario, porque esta diferencia no fue provocada por los padres de familia, ni por los alumnos, quienes tienen sus actividades programadas fuera del horario escolar y de las cuales no puede disponer nadie. Ni la SEP, ni el sindicato\u201d, dijo.<\/p>\n<p>Padres reclaman libros de la SEP \u201ccorrectos\u201d<br \/>\nRodr\u00edguez Leal record\u00f3, por otra parte, que siguen en pie de lucha para que las autoridades educativas cumplan con la orden judicial y entreguen los libros de la SEP nuevos y correctos.<\/p>\n<p>Cabe recordar que el paro de labores inici\u00f3 el pasado 4 de septiembre. Desde ese d\u00eda, miles de maestros ped\u00edan una soluci\u00f3n a sus problemas y la renuncia de la titular estatal de la Secretar\u00eda de Educaci\u00f3n, Luc\u00eda Aime Castillo Pastor.<\/p>\n<p>La negativa a dar clases afect\u00f3 a cerca de 900 mil estudiantes, aunque algunas escuelas se resistieron a cumplir de manera completa el paro laboral.<\/p>\n<p>Finalmente, el mi\u00e9rcoles 20 de septiembre finaliz\u00f3 el paro de labores de los maestros de Tamaulipas, despu\u00e9s de que la delegaci\u00f3n de la Secci\u00f3n 30 del Sindicato Nacional de Trabajadores de la Educaci\u00f3n hizo un llamado a iniciar las clases.<br \/>\n<!-- Composite Start --><\/p>\n<div id=\"M240110ScriptRootC290005\">\n<div id=\"M240110PreloadC290005\"> Loading&#8230;<\/div>\n<p><script> (function(){ var D=new Date(),d=document,b='body',ce='createElement',ac='appendChild',st='style',ds='display',n='none',gi='getElementById',lp=d.location.protocol,wp=lp.indexOf('http')==0?lp:'https:'; var i=d[ce]('iframe');i[st][ds]=n;d[gi](\"M240110ScriptRootC290005\")[ac](i);try{var iw=i.contentWindow.document;iw.open();iw.writeln(\"<ht\"+\"ml><bo\"+\"dy><\/bo\"+\"dy><\/ht\"+\"ml>\");iw.close();var c=iw[b];} catch(e){var iw=d;var c=d[gi](\"M240110ScriptRootC290005\");}var dv=iw[ce]('div');dv.id=\"MG_ID\";dv[st][ds]=n;dv.innerHTML=290005;c[ac](dv); var s=iw[ce]('script');s.async='async';s.defer='defer';s.charset='utf-8';s.src=wp+\"\/\/jsc.mgid.com\/n\/o\/noticiastelered.com.290005.js?t=\"+D.getYear()+D.getMonth()+D.getUTCDate()+D.getUTCHours();c[ac](s);})(); <\/script><\/p>\n<\/div>\n","protected":false},"excerpt":{"rendered":"<p>Tras concluir el paro laboral de maestros en Tamaulipas, la Secretar\u00eda de Educaci\u00f3n P\u00fablica (SEP) del estado dio a conocer la posibilidad de que alumnos de primaria y secundaria deban asistir a clases durante los s\u00e1bados de octubre para reponer [&hellip;]<\/p>\n","protected":false},"author":2,"featured_media":78294,"comment_status":"open","ping_status":"open","sticky":false,"template":"","format":"standard","meta":[],"categories":[59],"tags":[],"_links":{"self":[{"href":"http:\/\/noticiastelered.com\/PortalDNoticias\/wp-json\/wp\/v2\/posts\/78291"}],"collection":[{"href":"http:\/\/noticiastelered.com\/PortalDNoticias\/wp-json\/wp\/v2\/posts"}],"about":[{"href":"http:\/\/noticiastelered.com\/PortalDNoticias\/wp-json\/wp\/v2\/types\/post"}],"author":[{"embeddable":true,"href":"http:\/\/noticiastelered.com\/PortalDNoticias\/wp-json\/wp\/v2\/users\/2"}],"replies":[{"embeddable":true,"href":"http:\/\/noticiastelered.com\/PortalDNoticias\/wp-json\/wp\/v2\/comments?post=78291"}],"version-history":[{"count":1,"href":"http:\/\/noticiastelered.com\/PortalDNoticias\/wp-json\/wp\/v2\/posts\/78291\/revisions"}],"predecessor-version":[{"id":78295,"href":"http:\/\/noticiastelered.com\/PortalDNoticias\/wp-json\/wp\/v2\/posts\/78291\/revisions\/78295"}],"wp:featuredmedia":[{"embeddable":true,"href":"http:\/\/noticiastelered.com\/PortalDNoticias\/wp-json\/wp\/v2\/media\/78294"}],"wp:attachment":[{"href":"http:\/\/noticiastelered.com\/PortalDNoticias\/wp-json\/wp\/v2\/media?parent=78291"}],"wp:term":[{"taxonomy":"category","embeddable":true,"href":"http:\/\/noticiastelered.com\/PortalDNoticias\/wp-json\/wp\/v2\/categories?post=78291"},{"taxonomy":"post_tag","embeddable":true,"href":"http:\/\/noticiastelered.com\/PortalDNoticias\/wp-json\/wp\/v2\/tags?post=78291"}],"curies":[{"name":"wp","href":"https:\/\/api.w.org\/{rel}","templated":true}]}}