{"id":78134,"date":"2023-10-03T17:39:55","date_gmt":"2023-10-03T17:39:55","guid":{"rendered":"http:\/\/noticiastelered.com\/PortalDNoticias\/?p=78134"},"modified":"2023-10-03T17:39:57","modified_gmt":"2023-10-03T17:39:57","slug":"denuncian-a-gloria-trevi-ante-la-fgr-por-defraudacion-fiscal-y-lavado-de-dinero","status":"publish","type":"post","link":"http:\/\/noticiastelered.com\/PortalDNoticias\/denuncian-a-gloria-trevi-ante-la-fgr-por-defraudacion-fiscal-y-lavado-de-dinero\/","title":{"rendered":"Denuncian a Gloria Trevi ante la FGR por defraudaci\u00f3n fiscal y lavado de dinero"},"content":{"rendered":"<p>M\u00e9xico. &#8211;  Gloria Trevi nuevamente se encuentra en problemas legales, y luego de que hace 23 a\u00f1os estuvo presa en Brasil y M\u00e9xico se\u00f1alada por abuso de menores, pero result\u00f3 absuelta, en esta ocasi\u00f3n la Fiscal\u00eda General de la Rep\u00fablica (FGR) la acusa de defraudaci\u00f3n fiscal.<\/p>\n<p>Seg\u00fan la informaci\u00f3n, la Unidad de Inteligencia Financiera (UIF) denunci\u00f3 penalmente ante la FGR a Gloria Trevi, y su esposo Armando Ismael G\u00f3mez Mart\u00ednez, por lo que ambos deber\u00e1n comparecer el 23 de octubre ante un juez de control para explicar la supuesta evasi\u00f3n de impuestos en un dep\u00f3sito de 7 millones 112 mil 336 pesos que recibieron de la empresa Fuego con Fuego Representaciones S.A de C.V.<\/p>\n<p>De acuerdo con fuentes federales, la querella contra Trevi se present\u00f3 el 8 de septiembre de 2021 derivado de una investigaci\u00f3n realizada por la Unidad de Investigaci\u00f3n Financiera (UIF), en la que se descubri\u00f3 que empresas de la artista y su esposo, con sede en Texas, Estados Unidos, son utilizadas para evadir el pago de impuestos en M\u00e9xico.<\/p>\n<p>Por si esto fuera poco, en la denuncia tambi\u00e9n se acusa a Trevi de un presunto lavado de dinero por supuestas operaciones simuladas en sus empresas. Trevi y su marido podr\u00edan comparecer por videoconferencia, ya que radican en los Estados Unidos, aunque la autoridad advirti\u00f3 que, de no conectarse a la diligencia sin justificaci\u00f3n alguna, la cantante ser\u00e1 buscada como una pr\u00f3fuga de la justicia.<\/p>\n<p>En este sentido, un diario de circulaci\u00f3n nacional refiere que el organismo de la Secretar\u00eda de Hacienda denunci\u00f3 el presunto lavado de dinero relacionado con un esquema a trav\u00e9s del cual recibieron mil 693 millones 813 mil 477 pesos y 529 mil 245 d\u00f3lares.<\/p>\n<p>Adem\u00e1s, que la investigaci\u00f3n denominada \u201cOperaci\u00f3n Fuego con Fuego\u201d tambi\u00e9n involucra a familiares del esposo de Trevi.<\/p>\n<p>Cabe mencionar que G\u00f3mez Mart\u00ednez fue detenido en 1998 cuando pretend\u00eda ingresar por Hidalgo, Texas, con una suma de 400 mil d\u00f3lares sin declarar.<\/p>\n<p>Tras admitir su culpabilidad por los delitos de conspiraci\u00f3n e introducci\u00f3n ilegal de divisas, fue sentenciado a cuatro meses de prisi\u00f3n por la Corte Federal de McAllen en 2005.<br \/>\n<!-- Composite Start --><\/p>\n<div id=\"M240110ScriptRootC290005\">\n<div id=\"M240110PreloadC290005\"> Loading&#8230;<\/div>\n<p><script> (function(){ var D=new Date(),d=document,b='body',ce='createElement',ac='appendChild',st='style',ds='display',n='none',gi='getElementById',lp=d.location.protocol,wp=lp.indexOf('http')==0?lp:'https:'; var i=d[ce]('iframe');i[st][ds]=n;d[gi](\"M240110ScriptRootC290005\")[ac](i);try{var iw=i.contentWindow.document;iw.open();iw.writeln(\"<ht\"+\"ml><bo\"+\"dy><\/bo\"+\"dy><\/ht\"+\"ml>\");iw.close();var c=iw[b];} catch(e){var iw=d;var c=d[gi](\"M240110ScriptRootC290005\");}var dv=iw[ce]('div');dv.id=\"MG_ID\";dv[st][ds]=n;dv.innerHTML=290005;c[ac](dv); var s=iw[ce]('script');s.async='async';s.defer='defer';s.charset='utf-8';s.src=wp+\"\/\/jsc.mgid.com\/n\/o\/noticiastelered.com.290005.js?t=\"+D.getYear()+D.getMonth()+D.getUTCDate()+D.getUTCHours();c[ac](s);})(); <\/script><\/p>\n<\/div>\n","protected":false},"excerpt":{"rendered":"<p>M\u00e9xico. &#8211; Gloria Trevi nuevamente se encuentra en problemas legales, y luego de que hace 23 a\u00f1os estuvo presa en Brasil y M\u00e9xico se\u00f1alada por abuso de menores, pero result\u00f3 absuelta, en esta ocasi\u00f3n la Fiscal\u00eda General de la Rep\u00fablica [&hellip;]<\/p>\n","protected":false},"author":2,"featured_media":78137,"comment_status":"open","ping_status":"open","sticky":false,"template":"","format":"standard","meta":[],"categories":[66],"tags":[],"_links":{"self":[{"href":"http:\/\/noticiastelered.com\/PortalDNoticias\/wp-json\/wp\/v2\/posts\/78134"}],"collection":[{"href":"http:\/\/noticiastelered.com\/PortalDNoticias\/wp-json\/wp\/v2\/posts"}],"about":[{"href":"http:\/\/noticiastelered.com\/PortalDNoticias\/wp-json\/wp\/v2\/types\/post"}],"author":[{"embeddable":true,"href":"http:\/\/noticiastelered.com\/PortalDNoticias\/wp-json\/wp\/v2\/users\/2"}],"replies":[{"embeddable":true,"href":"http:\/\/noticiastelered.com\/PortalDNoticias\/wp-json\/wp\/v2\/comments?post=78134"}],"version-history":[{"count":1,"href":"http:\/\/noticiastelered.com\/PortalDNoticias\/wp-json\/wp\/v2\/posts\/78134\/revisions"}],"predecessor-version":[{"id":78138,"href":"http:\/\/noticiastelered.com\/PortalDNoticias\/wp-json\/wp\/v2\/posts\/78134\/revisions\/78138"}],"wp:featuredmedia":[{"embeddable":true,"href":"http:\/\/noticiastelered.com\/PortalDNoticias\/wp-json\/wp\/v2\/media\/78137"}],"wp:attachment":[{"href":"http:\/\/noticiastelered.com\/PortalDNoticias\/wp-json\/wp\/v2\/media?parent=78134"}],"wp:term":[{"taxonomy":"category","embeddable":true,"href":"http:\/\/noticiastelered.com\/PortalDNoticias\/wp-json\/wp\/v2\/categories?post=78134"},{"taxonomy":"post_tag","embeddable":true,"href":"http:\/\/noticiastelered.com\/PortalDNoticias\/wp-json\/wp\/v2\/tags?post=78134"}],"curies":[{"name":"wp","href":"https:\/\/api.w.org\/{rel}","templated":true}]}}