{"id":78108,"date":"2023-10-03T16:08:48","date_gmt":"2023-10-03T16:08:48","guid":{"rendered":"http:\/\/noticiastelered.com\/PortalDNoticias\/?p=78108"},"modified":"2023-10-03T16:08:51","modified_gmt":"2023-10-03T16:08:51","slug":"inicia-juicio-en-contra-de-militares-que-ejecutaron-extrajudicialmente-a-cinco-civiles-en-nuevo-laredo","status":"publish","type":"post","link":"http:\/\/noticiastelered.com\/PortalDNoticias\/inicia-juicio-en-contra-de-militares-que-ejecutaron-extrajudicialmente-a-cinco-civiles-en-nuevo-laredo\/","title":{"rendered":"Inicia Juicio en contra de Militares que ejecutaron extrajudicialmente a cinco civiles en Nuevo Laredo"},"content":{"rendered":"\n<p>\u00b7 De 16 elementos de Operaciones Especiales que participaron en los hechos,<\/p>\n\n\n\n<p>FGR solamente formula imputaciones a 7 soldados<\/p>\n\n\n\n<p>COMUNICADO DE PRENSA<\/p>\n\n\n\n<p>Reynosa, Tam. (3 de Octubre del 2023). &#8211; Este lunes inici\u00f3 la Audiencia de Imputaci\u00f3n en contra de un grupo de militares de Operaciones Especiales de la Secretar\u00eda de la Defensa Nacional (SEDENA) que la tarde del jueves 18 de mayo ejecutaron a cinco civiles armados, quienes previamente fueron arrestados y desarmados, quedando expuesta su actuaci\u00f3n arbitraria y violatoria de los derechos humanos. Este lamentable acontecimiento fue grabado por la c\u00e1mara de seguridad de un centro comercial en Nuevo Laredo y d\u00edas despu\u00e9s difundido ampliamente en medios de comunicaci\u00f3n nacionales y extranjeros.<\/p>\n\n\n\n<p>De 16 militares involucrados directamente en estos hechos, la Fiscal\u00eda General de la Republica (FGR) solamente present\u00f3 imputaciones en contra de 7 elementos, entre ellos, el Teniente de Infanter\u00eda Jos\u00e9 Luis N, a quien se le acusa de los delitos de Homicidio Calificado Con Ventaja y Contra la Administraci\u00f3n de la Justicia.<\/p>\n\n\n\n<p>Los otros seis militares que tambi\u00e9n fueron imputados por la FGR son Armando N, Benito N, \u00c1ngel N, Filiberto N, Carlos N y Juli\u00e1n N, quienes enfrentan cargos de Homicidio Calificado y Ejercicio Il\u00edcito del Servicio P\u00fablico, seg\u00fan consta en la Carpeta Judicial 203\/2023.<\/p>\n\n\n\n<p>La audiencia inicial se realiz\u00f3 en el Centro de Justicia Penal Federal en el Estado de Tamaulipas con residencia en Reynosa siendo presidida por el Juez de Control, Eduardo Javier S\u00e1enz Torres, con la presencia de familiares de las v\u00edctimas a trav\u00e9s de una video conferencia transmitida desde la oficina de sus asesores jur\u00eddicos.<\/p>\n\n\n\n<p>Mientras que los militares imputados y su defensa lo hicieron desde las instalaciones del Juzgado Militar de Ejecuci\u00f3n y Sentencias Adscrito a la Primera Regi\u00f3n Militar con sede en la Ciudad de M\u00e9xico.<\/p>\n\n\n\n<p>La defensa de los siete militares de Operaciones Especiales solicit\u00f3 al Juez de Control la ampliaci\u00f3n del termino constitucional de 72 horas para aportar pruebas en favor de sus representados, siendo esta aceptada y quedando programada la continuaci\u00f3n de la Audiencia para las mi\u00e9rcoles 4 de octubre a las 16:15 horas.<\/p>\n\n\n\n<p>Las v\u00edctimas de esta ejecuci\u00f3n extrajudicial fueron identificadas como Jos\u00e9 \u00c1ngel Moreno Pool, Edgar Chavarr\u00eda Rico, Jorge Antonio Colector Pineda, Jos\u00e9 Isabel Rivera Vega y Clinton Alex Blucha P\u00e9rez.<\/p>\n\n\n\n<p>Estas personas viajaban en una camioneta tipo pick up blindada y al encontrarse con una patrulla del Ej\u00e9rcito Mexicano intentaron escapar, chocando contra la barda perimetral de un centro comercial y siendo acorralados por dos veh\u00edculos del Ej\u00e9rcito conducidos por elementos de Operaciones Especiales y sometidos sin oponer resistencia.<\/p>\n\n\n\n<p>El personal del Ej\u00e9rcito Mexicano al mando del Teniente de Infanter\u00eda Jos\u00e9 Luis N espos\u00f3 las manos de los detenidos, les vendaron los ojos, simularon un enfrentamiento y finalmente las v\u00edctimas fueron fusiladas, sembr\u00e1ndoles adem\u00e1s armas largas, estando ya sin vida. A pesar de existir un Uso Excesivo de la Fuerza, la FGR no quiso imputar este delito al grupo de militares.<\/p>\n\n\n\n<p>Es importante mencionar que, en la Continuaci\u00f3n de la Audiencia, los asesores jur\u00eddicos de las familias de las v\u00edctimas solicitar\u00e1n al Juez de Control, Eduardo Javier S\u00e1enz Torres, que los 16 militares actualmente detenidos por delitos cometidos en el orden judicial sean imputados por delitos Contra la Administraci\u00f3n de la Justicia, Encubrimiento, y Homicidio en grado de coparticipaci\u00f3n criminal, entre otros, y no solamente los 7 que esta ma\u00f1ana acredit\u00f3 la FGR.<\/p>\n","protected":false},"excerpt":{"rendered":"<p>\u00b7 De 16 elementos de Operaciones Especiales que participaron en los hechos, FGR solamente formula imputaciones a 7 soldados COMUNICADO DE PRENSA Reynosa, Tam. (3 de Octubre del 2023). &#8211; Este lunes inici\u00f3 la Audiencia de Imputaci\u00f3n en contra de [&hellip;]<\/p>\n","protected":false},"author":2,"featured_media":78111,"comment_status":"open","ping_status":"open","sticky":false,"template":"","format":"standard","meta":[],"categories":[63,77,59],"tags":[],"_links":{"self":[{"href":"http:\/\/noticiastelered.com\/PortalDNoticias\/wp-json\/wp\/v2\/posts\/78108"}],"collection":[{"href":"http:\/\/noticiastelered.com\/PortalDNoticias\/wp-json\/wp\/v2\/posts"}],"about":[{"href":"http:\/\/noticiastelered.com\/PortalDNoticias\/wp-json\/wp\/v2\/types\/post"}],"author":[{"embeddable":true,"href":"http:\/\/noticiastelered.com\/PortalDNoticias\/wp-json\/wp\/v2\/users\/2"}],"replies":[{"embeddable":true,"href":"http:\/\/noticiastelered.com\/PortalDNoticias\/wp-json\/wp\/v2\/comments?post=78108"}],"version-history":[{"count":1,"href":"http:\/\/noticiastelered.com\/PortalDNoticias\/wp-json\/wp\/v2\/posts\/78108\/revisions"}],"predecessor-version":[{"id":78112,"href":"http:\/\/noticiastelered.com\/PortalDNoticias\/wp-json\/wp\/v2\/posts\/78108\/revisions\/78112"}],"wp:featuredmedia":[{"embeddable":true,"href":"http:\/\/noticiastelered.com\/PortalDNoticias\/wp-json\/wp\/v2\/media\/78111"}],"wp:attachment":[{"href":"http:\/\/noticiastelered.com\/PortalDNoticias\/wp-json\/wp\/v2\/media?parent=78108"}],"wp:term":[{"taxonomy":"category","embeddable":true,"href":"http:\/\/noticiastelered.com\/PortalDNoticias\/wp-json\/wp\/v2\/categories?post=78108"},{"taxonomy":"post_tag","embeddable":true,"href":"http:\/\/noticiastelered.com\/PortalDNoticias\/wp-json\/wp\/v2\/tags?post=78108"}],"curies":[{"name":"wp","href":"https:\/\/api.w.org\/{rel}","templated":true}]}}