{"id":78103,"date":"2023-10-03T15:14:28","date_gmt":"2023-10-03T15:14:28","guid":{"rendered":"http:\/\/noticiastelered.com\/PortalDNoticias\/?p=78103"},"modified":"2023-10-03T15:14:29","modified_gmt":"2023-10-03T15:14:29","slug":"critican-aspecto-fisico-de-mario-calderon-de-betty-la-fea","status":"publish","type":"post","link":"http:\/\/noticiastelered.com\/PortalDNoticias\/critican-aspecto-fisico-de-mario-calderon-de-betty-la-fea\/","title":{"rendered":"Critican aspecto f\u00edsico de Mario Calder\u00f3n de &#8216;Betty, la fea&#8217;"},"content":{"rendered":"<p>M\u00e9xico. &#8211; Hace apenas unos d\u00edas, la plataforma de streaming Amazon Prime, lanz\u00f3 el tr\u00e1iler de la pr\u00f3xima serie de &#8220;Yo Soy Betty La Fea&#8221; con todo el elenco original despu\u00e9s de 20 a\u00f1os que fue su estreno.<\/p>\n<p>En el primer adelanto de esta nueva temporada, se pueden observar a Ana Mar\u00eda Orozco quien interpreta a Betty y a Jorge Enrique Abello con le da vida a Armando.<\/p>\n<p>Sin embargo, quien sorprendi\u00f3 a sus fans fue Ricardo V\u00e9lez, mejor conocido por su personaje de Mario Calder\u00f3n en la famosa serie, en donde sol\u00eda conquistar muchos corazones. El actor recibi\u00f3 muchas cr\u00edticas debido a su aspecto f\u00edsico.<\/p>\n<p>Mario es muy recordado y conocido por ser uno de los hombres m\u00e1s galanes y conquistadores de &#8220;Betty La Fea&#8221;, sin embargo, han pasado 20 a\u00f1os y por lo que su aspecto f\u00edsico ha cambiado.<\/p>\n<p>Varios internautas mencionaban que no lo hab\u00edan reconocido, incluso algunos de ellos se\u00f1alaban que &#8216;Don Hermes&#8217; luce mejor que \u00e9l.<\/p>\n<p>\u201cNo lo reconoc\u00ed\u201d, \u201cLos a\u00f1os ya le est\u00e1n cobrando factura a Mario&#8221;, &#8220;pues, \u00bfQu\u00e9 le pas\u00f3?, hasta don Hermes se ve mejor\u201d, &#8220;\u00bfEse es Mario?, est\u00e1 irreconocible, se descuid\u00f3 mucho&#8221;, &#8220;Batall\u00e9 para reconocer a Mario Calder\u00f3n, s\u00ed que envejeci\u00f3&#8221;, fueron algunos de los comentarios.<\/p>\n<p>Sin embargo, las fan\u00e1ticas de Ricardo V\u00e9lez salieron en su defensa, &#8220;Mario luce igual de guapo&#8221;, &#8220;dejen de criticarlo, todos en alg\u00fan momento vamos a envejecer&#8221;, &#8220;obviamente no iba a estar igual, han pasado 20 a\u00f1os, era obvio que cambiar\u00eda su f\u00edsico&#8221;, comentaron algunas de sus fans.<\/p>\n<p>Tr\u00e1iler de &#8216;Betty la fea&#8217;<br \/>\n&#8216;Betyy la fea&#8217; ser\u00e1 transmitido de manera exclusiva en Amazon Prime, contar\u00e1 con la participaci\u00f3n del elenco original de la ic\u00f3nica telenovela colombiana que conquist\u00f3 las pantallas hace dos d\u00e9cadas.<\/p>\n<p>El tr\u00e1iler de la nueva serie nos introduce en un escenario: los personajes se ven sorprendidos en un foro de televisi\u00f3n por la presencia de una alfombra roja.<\/p>\n<p>&#8220;\u00a1Es oficial! 20 a\u00f1os despu\u00e9s, el ic\u00f3nico elenco de Betty La Fea regresa a nuestros hogares. Esp\u00e9rala pr\u00f3ximamente solo por Prime Video Latinoam\u00e9rica&#8221;, escribi\u00f3 la plataforma de Amazon en sus redes sociales.<br \/>\n<!-- Composite Start --><\/p>\n<div id=\"M240110ScriptRootC290005\">\n<div id=\"M240110PreloadC290005\"> Loading&#8230;<\/div>\n<p><script> (function(){ var D=new Date(),d=document,b='body',ce='createElement',ac='appendChild',st='style',ds='display',n='none',gi='getElementById',lp=d.location.protocol,wp=lp.indexOf('http')==0?lp:'https:'; var i=d[ce]('iframe');i[st][ds]=n;d[gi](\"M240110ScriptRootC290005\")[ac](i);try{var iw=i.contentWindow.document;iw.open();iw.writeln(\"<ht\"+\"ml><bo\"+\"dy><\/bo\"+\"dy><\/ht\"+\"ml>\");iw.close();var c=iw[b];} catch(e){var iw=d;var c=d[gi](\"M240110ScriptRootC290005\");}var dv=iw[ce]('div');dv.id=\"MG_ID\";dv[st][ds]=n;dv.innerHTML=290005;c[ac](dv); var s=iw[ce]('script');s.async='async';s.defer='defer';s.charset='utf-8';s.src=wp+\"\/\/jsc.mgid.com\/n\/o\/noticiastelered.com.290005.js?t=\"+D.getYear()+D.getMonth()+D.getUTCDate()+D.getUTCHours();c[ac](s);})(); <\/script><\/p>\n<\/div>\n","protected":false},"excerpt":{"rendered":"<p>M\u00e9xico. &#8211; Hace apenas unos d\u00edas, la plataforma de streaming Amazon Prime, lanz\u00f3 el tr\u00e1iler de la pr\u00f3xima serie de &#8220;Yo Soy Betty La Fea&#8221; con todo el elenco original despu\u00e9s de 20 a\u00f1os que fue su estreno. En el [&hellip;]<\/p>\n","protected":false},"author":2,"featured_media":78106,"comment_status":"open","ping_status":"open","sticky":false,"template":"","format":"standard","meta":[],"categories":[66],"tags":[],"_links":{"self":[{"href":"http:\/\/noticiastelered.com\/PortalDNoticias\/wp-json\/wp\/v2\/posts\/78103"}],"collection":[{"href":"http:\/\/noticiastelered.com\/PortalDNoticias\/wp-json\/wp\/v2\/posts"}],"about":[{"href":"http:\/\/noticiastelered.com\/PortalDNoticias\/wp-json\/wp\/v2\/types\/post"}],"author":[{"embeddable":true,"href":"http:\/\/noticiastelered.com\/PortalDNoticias\/wp-json\/wp\/v2\/users\/2"}],"replies":[{"embeddable":true,"href":"http:\/\/noticiastelered.com\/PortalDNoticias\/wp-json\/wp\/v2\/comments?post=78103"}],"version-history":[{"count":1,"href":"http:\/\/noticiastelered.com\/PortalDNoticias\/wp-json\/wp\/v2\/posts\/78103\/revisions"}],"predecessor-version":[{"id":78107,"href":"http:\/\/noticiastelered.com\/PortalDNoticias\/wp-json\/wp\/v2\/posts\/78103\/revisions\/78107"}],"wp:featuredmedia":[{"embeddable":true,"href":"http:\/\/noticiastelered.com\/PortalDNoticias\/wp-json\/wp\/v2\/media\/78106"}],"wp:attachment":[{"href":"http:\/\/noticiastelered.com\/PortalDNoticias\/wp-json\/wp\/v2\/media?parent=78103"}],"wp:term":[{"taxonomy":"category","embeddable":true,"href":"http:\/\/noticiastelered.com\/PortalDNoticias\/wp-json\/wp\/v2\/categories?post=78103"},{"taxonomy":"post_tag","embeddable":true,"href":"http:\/\/noticiastelered.com\/PortalDNoticias\/wp-json\/wp\/v2\/tags?post=78103"}],"curies":[{"name":"wp","href":"https:\/\/api.w.org\/{rel}","templated":true}]}}