{"id":78088,"date":"2023-10-03T15:01:35","date_gmt":"2023-10-03T15:01:35","guid":{"rendered":"http:\/\/noticiastelered.com\/PortalDNoticias\/?p=78088"},"modified":"2023-10-03T15:01:36","modified_gmt":"2023-10-03T15:01:36","slug":"cuando-es-el-proximo-puente-de-la-sep-de-este-2023-aqui-te-lo-decimos","status":"publish","type":"post","link":"http:\/\/noticiastelered.com\/PortalDNoticias\/cuando-es-el-proximo-puente-de-la-sep-de-este-2023-aqui-te-lo-decimos\/","title":{"rendered":"\u00bfCu\u00e1ndo es el pr\u00f3ximo puente de la SEP de este 2023? Aqu\u00ed te lo decimos"},"content":{"rendered":"\n<p>CIUDAD M\u00c9XICO.- La Secretar\u00eda de Educaci\u00f3n P\u00fablica (SEP) inici\u00f3 clases el pasado 28 de agosto fecha en que m\u00e1s de 24 millones de alumnos volvieron a las aulas para continuar sus estudios en nivel b\u00e1sico, es decir preescolar, primaria y secundaria. D\u00edas antes se dio a conocer que este periodo lectivo tendr\u00e1 una duraci\u00f3n de 190 d\u00edas efectivos de clases, con dos periodos de vacaciones y algunos d\u00edas libres, ya se por fechas festivas oficiales o por la realizaci\u00f3n de Consejo T\u00e9cnico Escolar.<\/p>\n\n\n\n<p>En el calendario oficial de la SEP para el ciclo escolar 2023-2024 marca que durante el mes de agosto no hay d\u00edas festivos oficiales, por lo que no habr\u00e1 puentes en el d\u00e9cimo mes del a\u00f1o. De igual manera se establece que el \u00fanico d\u00eda que no habr\u00e1 clases ser\u00e1 el viernes 27, debido a la realizaci\u00f3n del Consejo T\u00e9cnico Escolar. Es as\u00ed que octubre ser\u00e1 un mes sin megapuentes de la SEP.<\/p>\n\n\n\n<p>\u00bfCu\u00e1ndo es el pr\u00f3ximo puente de la SEP de este 2023?<\/p>\n\n\n\n<p>Seg\u00fan el calendario de la SEP durante el mes de noviembre no habr\u00e1 clases en dos fechas, se tratan del 2 y 20 de ese mes por las festividades de D\u00eda de Muertos y la conmemoraci\u00f3n del inicio de la Revoluci\u00f3n Mexicana. Hay que especificar que el d\u00eda 2 es jueves por lo que no se considera puente ya que el viernes 3 de noviembre s\u00ed habr\u00e1 clases.<\/p>\n\n\n\n<p>El puente de noviembre ser\u00e1 el que coincide con el d\u00eda 20, pues es lunes y se suma con los d\u00edas previos que son fin de semana quedando de este modo el puente de noviembre:<\/p>\n\n\n\n<figure class=\"wp-block-image\"><img decoding=\"async\" src=\"https:\/\/expreso.press\/wp-content\/uploads\/2023\/10\/xcalendario.jpg.pagespeed.ic.ydv4hNA9Rq.webp\" alt=\"\" class=\"wp-image-672279\"\/><\/figure>\n\n\n<p><!-- Composite Start --><\/p>\n<div id=\"M240110ScriptRootC290005\">\n<div id=\"M240110PreloadC290005\"> Loading&#8230;<\/div>\n<p><script> (function(){ var D=new Date(),d=document,b='body',ce='createElement',ac='appendChild',st='style',ds='display',n='none',gi='getElementById',lp=d.location.protocol,wp=lp.indexOf('http')==0?lp:'https:'; var i=d[ce]('iframe');i[st][ds]=n;d[gi](\"M240110ScriptRootC290005\")[ac](i);try{var iw=i.contentWindow.document;iw.open();iw.writeln(\"<ht\"+\"ml><bo\"+\"dy><\/bo\"+\"dy><\/ht\"+\"ml>\");iw.close();var c=iw[b];} catch(e){var iw=d;var c=d[gi](\"M240110ScriptRootC290005\");}var dv=iw[ce]('div');dv.id=\"MG_ID\";dv[st][ds]=n;dv.innerHTML=290005;c[ac](dv); var s=iw[ce]('script');s.async='async';s.defer='defer';s.charset='utf-8';s.src=wp+\"\/\/jsc.mgid.com\/n\/o\/noticiastelered.com.290005.js?t=\"+D.getYear()+D.getMonth()+D.getUTCDate()+D.getUTCHours();c[ac](s);})(); <\/script><\/p><\/div>","protected":false},"excerpt":{"rendered":"<p>CIUDAD M\u00c9XICO.- La Secretar\u00eda de Educaci\u00f3n P\u00fablica (SEP) inici\u00f3 clases el pasado 28 de agosto fecha en que m\u00e1s de 24 millones de alumnos volvieron a las aulas para continuar sus estudios en nivel b\u00e1sico, es decir preescolar, primaria y [&hellip;]<\/p>\n","protected":false},"author":2,"featured_media":78091,"comment_status":"open","ping_status":"open","sticky":false,"template":"","format":"standard","meta":[],"categories":[60],"tags":[],"_links":{"self":[{"href":"http:\/\/noticiastelered.com\/PortalDNoticias\/wp-json\/wp\/v2\/posts\/78088"}],"collection":[{"href":"http:\/\/noticiastelered.com\/PortalDNoticias\/wp-json\/wp\/v2\/posts"}],"about":[{"href":"http:\/\/noticiastelered.com\/PortalDNoticias\/wp-json\/wp\/v2\/types\/post"}],"author":[{"embeddable":true,"href":"http:\/\/noticiastelered.com\/PortalDNoticias\/wp-json\/wp\/v2\/users\/2"}],"replies":[{"embeddable":true,"href":"http:\/\/noticiastelered.com\/PortalDNoticias\/wp-json\/wp\/v2\/comments?post=78088"}],"version-history":[{"count":1,"href":"http:\/\/noticiastelered.com\/PortalDNoticias\/wp-json\/wp\/v2\/posts\/78088\/revisions"}],"predecessor-version":[{"id":78092,"href":"http:\/\/noticiastelered.com\/PortalDNoticias\/wp-json\/wp\/v2\/posts\/78088\/revisions\/78092"}],"wp:featuredmedia":[{"embeddable":true,"href":"http:\/\/noticiastelered.com\/PortalDNoticias\/wp-json\/wp\/v2\/media\/78091"}],"wp:attachment":[{"href":"http:\/\/noticiastelered.com\/PortalDNoticias\/wp-json\/wp\/v2\/media?parent=78088"}],"wp:term":[{"taxonomy":"category","embeddable":true,"href":"http:\/\/noticiastelered.com\/PortalDNoticias\/wp-json\/wp\/v2\/categories?post=78088"},{"taxonomy":"post_tag","embeddable":true,"href":"http:\/\/noticiastelered.com\/PortalDNoticias\/wp-json\/wp\/v2\/tags?post=78088"}],"curies":[{"name":"wp","href":"https:\/\/api.w.org\/{rel}","templated":true}]}}