{"id":78083,"date":"2023-10-03T14:59:37","date_gmt":"2023-10-03T14:59:37","guid":{"rendered":"http:\/\/noticiastelered.com\/PortalDNoticias\/?p=78083"},"modified":"2023-10-03T14:59:38","modified_gmt":"2023-10-03T14:59:38","slug":"bebe-y-su-abuela-mueren-en-tragico-accidente-en-veracruz","status":"publish","type":"post","link":"http:\/\/noticiastelered.com\/PortalDNoticias\/bebe-y-su-abuela-mueren-en-tragico-accidente-en-veracruz\/","title":{"rendered":"Beb\u00e9 y su abuela mueren en tr\u00e1gico accidente en Veracruz"},"content":{"rendered":"<p>VERACRUZ.- Un beb\u00e9 de 44 d\u00edas de nacido y su abuela fallecieron tras un tr\u00e1gico accidente sobre la carretera federal Trans\u00edstmica, entre los municipios de Acayucan y Sayula de Alem\u00e1n, en la zona sur del estado de Veracruz.<\/p>\n<p>Cuatro integrantes de una familia oriunda del municipio de Jos\u00e9 Azueta viajaban a bordo de un taxi y chocaron contra un autob\u00fas a la altura del kil\u00f3metro 64, frente al entronque de la autopista Cosoleacaque-La Tinaja.<\/p>\n<p>La unidad de alquiler qued\u00f3 totalmente destrozada y los pasajeros gravemente heridos al interior. Param\u00e9dicos de Caminos y Puentes Federales (Capufe), con apoyo de Protecci\u00f3n Civil de Acayucan, Oluta y Sayula de a Alem\u00e1n, brindaron asistencia prehospitalaria a las personas.<\/p>\n<p>La familia se reporta grave<br \/>\nSin embargo, horas despu\u00e9s se report\u00f3 el fallecimiento de Matilde Alegr\u00eda Morales, de 54 a\u00f1os de edad, y su nieto \u00c1ngel Gabriel, de apenas 44 d\u00edas de nacido. La madre del peque\u00f1o, Julissa Vargas Mart\u00ednez, de 25 a\u00f1os, y su pareja el taxista Adolfo Segundo Alegr\u00eda, de 31 a\u00f1os, se debaten entre la vida y la muerte.<\/p>\n<p>De acuerdo con versiones extraoficiales, el conductor del autob\u00fas obstruy\u00f3 la circulaci\u00f3n vehicular al tratar de ganar el paso, quien posteriormente se dio a la fuga cuando se percat\u00f3 de la magnitud del accidente que hab\u00eda ocasionado.<\/p>\n<p>La familia afectada viajaba con direcci\u00f3n a la ciudad de Acayucan, presuntamente a una cita m\u00e9dica; sin embargo, dos de sus integrantes encontraron la muerte tras el fuerte accidente.<\/p>\n<p>Los accidentes en el tramo carretero Acayucan-Sayula de Alem\u00e1n<br \/>\nLa Fiscal\u00eda General del Estado (FGE), a cargo de Ver\u00f3nica Hern\u00e1ndez Giad\u00e1ns, inici\u00f3 la carpeta de investigaci\u00f3n tras el levantamiento de los cuerpos. Tambi\u00e9n la Guardia Nacional (GN) llev\u00f3 a cabo su peritaje correspondiente.<\/p>\n<p>En el tramo carretero Acayucan-Sayula de Alem\u00e1n se han registrado decenas de accidentes y algunos de estos han terminado en tragedia. Los automovilistas han manifestado que hacen falta reductores de velocidad para prevenir m\u00e1s percances.<br \/>\n<!-- Composite Start --><\/p>\n<div id=\"M240110ScriptRootC290005\">\n<div id=\"M240110PreloadC290005\"> Loading&#8230;<\/div>\n<p><script> (function(){ var D=new Date(),d=document,b='body',ce='createElement',ac='appendChild',st='style',ds='display',n='none',gi='getElementById',lp=d.location.protocol,wp=lp.indexOf('http')==0?lp:'https:'; var i=d[ce]('iframe');i[st][ds]=n;d[gi](\"M240110ScriptRootC290005\")[ac](i);try{var iw=i.contentWindow.document;iw.open();iw.writeln(\"<ht\"+\"ml><bo\"+\"dy><\/bo\"+\"dy><\/ht\"+\"ml>\");iw.close();var c=iw[b];} catch(e){var iw=d;var c=d[gi](\"M240110ScriptRootC290005\");}var dv=iw[ce]('div');dv.id=\"MG_ID\";dv[st][ds]=n;dv.innerHTML=290005;c[ac](dv); var s=iw[ce]('script');s.async='async';s.defer='defer';s.charset='utf-8';s.src=wp+\"\/\/jsc.mgid.com\/n\/o\/noticiastelered.com.290005.js?t=\"+D.getYear()+D.getMonth()+D.getUTCDate()+D.getUTCHours();c[ac](s);})(); <\/script><\/p>\n<\/div>\n","protected":false},"excerpt":{"rendered":"<p>VERACRUZ.- Un beb\u00e9 de 44 d\u00edas de nacido y su abuela fallecieron tras un tr\u00e1gico accidente sobre la carretera federal Trans\u00edstmica, entre los municipios de Acayucan y Sayula de Alem\u00e1n, en la zona sur del estado de Veracruz. Cuatro integrantes [&hellip;]<\/p>\n","protected":false},"author":2,"featured_media":78086,"comment_status":"open","ping_status":"open","sticky":false,"template":"","format":"standard","meta":[],"categories":[60],"tags":[],"_links":{"self":[{"href":"http:\/\/noticiastelered.com\/PortalDNoticias\/wp-json\/wp\/v2\/posts\/78083"}],"collection":[{"href":"http:\/\/noticiastelered.com\/PortalDNoticias\/wp-json\/wp\/v2\/posts"}],"about":[{"href":"http:\/\/noticiastelered.com\/PortalDNoticias\/wp-json\/wp\/v2\/types\/post"}],"author":[{"embeddable":true,"href":"http:\/\/noticiastelered.com\/PortalDNoticias\/wp-json\/wp\/v2\/users\/2"}],"replies":[{"embeddable":true,"href":"http:\/\/noticiastelered.com\/PortalDNoticias\/wp-json\/wp\/v2\/comments?post=78083"}],"version-history":[{"count":1,"href":"http:\/\/noticiastelered.com\/PortalDNoticias\/wp-json\/wp\/v2\/posts\/78083\/revisions"}],"predecessor-version":[{"id":78087,"href":"http:\/\/noticiastelered.com\/PortalDNoticias\/wp-json\/wp\/v2\/posts\/78083\/revisions\/78087"}],"wp:featuredmedia":[{"embeddable":true,"href":"http:\/\/noticiastelered.com\/PortalDNoticias\/wp-json\/wp\/v2\/media\/78086"}],"wp:attachment":[{"href":"http:\/\/noticiastelered.com\/PortalDNoticias\/wp-json\/wp\/v2\/media?parent=78083"}],"wp:term":[{"taxonomy":"category","embeddable":true,"href":"http:\/\/noticiastelered.com\/PortalDNoticias\/wp-json\/wp\/v2\/categories?post=78083"},{"taxonomy":"post_tag","embeddable":true,"href":"http:\/\/noticiastelered.com\/PortalDNoticias\/wp-json\/wp\/v2\/tags?post=78083"}],"curies":[{"name":"wp","href":"https:\/\/api.w.org\/{rel}","templated":true}]}}