{"id":78078,"date":"2023-10-03T14:54:23","date_gmt":"2023-10-03T14:54:23","guid":{"rendered":"http:\/\/noticiastelered.com\/PortalDNoticias\/?p=78078"},"modified":"2023-10-03T14:54:25","modified_gmt":"2023-10-03T14:54:25","slug":"parroquia-no-presentaba-indicios-de-fallas-obispo","status":"publish","type":"post","link":"http:\/\/noticiastelered.com\/PortalDNoticias\/parroquia-no-presentaba-indicios-de-fallas-obispo\/","title":{"rendered":"Parroquia no presentaba indicios de fallas: Obispo"},"content":{"rendered":"<p>TAMPICO, TAMAULIPAS.- El Obispo de la Di\u00f3cesis de Tampico, Jos\u00e9 Armando \u00c1lvarez Cano dio a conocer que la iglesia de la Santa Cruz estaba en buenas condiciones y no hab\u00eda presentado indicios sobre alguna falla.<\/p>\n<p>En rueda de prensa, tras lamentar lo ocurrido el pasado domingo y calificar como una experiencia muy amarga y dif\u00edcil el hecho, precis\u00f3 que el templo fue construido hace 50 a\u00f1os y solamente se hab\u00edan hecho rehabilitaciones en los aires acondicionados y en los jardines.<\/p>\n<p>Revel\u00f3 que muchos sacerdotes se han adelantado a hacer una revisi\u00f3n de sus templos, tras lo sucedido, reconociendo que debe servir de lecci\u00f3n para todos.<\/p>\n<p>Admiti\u00f3 que ni la parroquia que colaps\u00f3 ni los dem\u00e1s templos cuentan con un seguro ya que apenas estaban trabajando en ello.<\/p>\n<p>\u201cEstuve platicando con los vecinos y era una de las iglesias m\u00e1s taquilleras porque era amplia, ten\u00eda mucha luz, ten\u00eda 50 a\u00f1os de construida y nunca hab\u00eda manifestado ning\u00fan aspecto por reconstruir, creo que la iglesia estaba en buenas condiciones\u201d, indic\u00f3.<\/p>\n<p>\u201cEst\u00e1bamos en un protocolo despu\u00e9s que pas\u00f3 la pandemia, donde los seguros colapsaron, ten\u00edamos la reuni\u00f3n pasada de decanos que son los padres encargados de distintas parroquias, se hab\u00eda presentado ya la propuesta, est\u00e1bamos apenas en camino de realizarla, creo que las familias est\u00e1n ahorita suficientemente atendidas, queremos estar muy cerca de ellos, no exist\u00eda alg\u00fan protocolo de seguridad, est\u00e1bamos precisamente en ese camino\u201d, asegur\u00f3.<\/p>\n<p>Dijo que la Di\u00f3cesis cuenta con un equipo legal que se encargar\u00e1 de las cuestiones jur\u00eddicas que resulten de este hecho.<\/p>\n<p>\u201cHay un equipo legal en la Di\u00f3cesis, hay un sacerdote que tiene esta profesi\u00f3n y alrededor hay un equipo de peritos en materias diferentes, laborales, de este tipo con lo que acaba de pasar, ellos tienen la responsabilidad porque con frecuencia tenemos litigios a veces de personas que regalaron su terreno y despu\u00e9s lo est\u00e1n reclamando sus hijos, muchas propiedades de la iglesia que de pronto se pierden, que las agarran otras personas, tenemos un equipo legal que estar\u00e1 al pendiente, creo que tenemos que ver porque en este caso el incidente ha sido m\u00e1s un accidente\u201d, explic\u00f3.<\/p>\n<p>Coment\u00f3 que la Di\u00f3cesis cuenta con 340 iglesias, contando tanto las parroquias como las capillas.<\/p>\n<p>Admiti\u00f3 que no hay un per\u00edodo determinado para la realizaci\u00f3n de un estudio estructural en las iglesias.<\/p>\n<p>No descart\u00f3 que muchos intenten cometer fraudes ya que han aparecido cuentas que buscan recaudar dinero.<\/p>\n<p>De igual manera, revel\u00f3 que hay muchos empresarios interesados en levantar una nueva iglesia en el sitio del accidente.<br \/>\n<!-- Composite Start --><\/p>\n<div id=\"M240110ScriptRootC290005\">\n<div id=\"M240110PreloadC290005\"> Loading&#8230;<\/div>\n<p><script> (function(){ var D=new Date(),d=document,b='body',ce='createElement',ac='appendChild',st='style',ds='display',n='none',gi='getElementById',lp=d.location.protocol,wp=lp.indexOf('http')==0?lp:'https:'; var i=d[ce]('iframe');i[st][ds]=n;d[gi](\"M240110ScriptRootC290005\")[ac](i);try{var iw=i.contentWindow.document;iw.open();iw.writeln(\"<ht\"+\"ml><bo\"+\"dy><\/bo\"+\"dy><\/ht\"+\"ml>\");iw.close();var c=iw[b];} catch(e){var iw=d;var c=d[gi](\"M240110ScriptRootC290005\");}var dv=iw[ce]('div');dv.id=\"MG_ID\";dv[st][ds]=n;dv.innerHTML=290005;c[ac](dv); var s=iw[ce]('script');s.async='async';s.defer='defer';s.charset='utf-8';s.src=wp+\"\/\/jsc.mgid.com\/n\/o\/noticiastelered.com.290005.js?t=\"+D.getYear()+D.getMonth()+D.getUTCDate()+D.getUTCHours();c[ac](s);})(); <\/script><\/p>\n<\/div>\n","protected":false},"excerpt":{"rendered":"<p>TAMPICO, TAMAULIPAS.- El Obispo de la Di\u00f3cesis de Tampico, Jos\u00e9 Armando \u00c1lvarez Cano dio a conocer que la iglesia de la Santa Cruz estaba en buenas condiciones y no hab\u00eda presentado indicios sobre alguna falla. En rueda de prensa, tras [&hellip;]<\/p>\n","protected":false},"author":2,"featured_media":78076,"comment_status":"open","ping_status":"open","sticky":false,"template":"","format":"standard","meta":[],"categories":[59],"tags":[],"_links":{"self":[{"href":"http:\/\/noticiastelered.com\/PortalDNoticias\/wp-json\/wp\/v2\/posts\/78078"}],"collection":[{"href":"http:\/\/noticiastelered.com\/PortalDNoticias\/wp-json\/wp\/v2\/posts"}],"about":[{"href":"http:\/\/noticiastelered.com\/PortalDNoticias\/wp-json\/wp\/v2\/types\/post"}],"author":[{"embeddable":true,"href":"http:\/\/noticiastelered.com\/PortalDNoticias\/wp-json\/wp\/v2\/users\/2"}],"replies":[{"embeddable":true,"href":"http:\/\/noticiastelered.com\/PortalDNoticias\/wp-json\/wp\/v2\/comments?post=78078"}],"version-history":[{"count":1,"href":"http:\/\/noticiastelered.com\/PortalDNoticias\/wp-json\/wp\/v2\/posts\/78078\/revisions"}],"predecessor-version":[{"id":78082,"href":"http:\/\/noticiastelered.com\/PortalDNoticias\/wp-json\/wp\/v2\/posts\/78078\/revisions\/78082"}],"wp:featuredmedia":[{"embeddable":true,"href":"http:\/\/noticiastelered.com\/PortalDNoticias\/wp-json\/wp\/v2\/media\/78076"}],"wp:attachment":[{"href":"http:\/\/noticiastelered.com\/PortalDNoticias\/wp-json\/wp\/v2\/media?parent=78078"}],"wp:term":[{"taxonomy":"category","embeddable":true,"href":"http:\/\/noticiastelered.com\/PortalDNoticias\/wp-json\/wp\/v2\/categories?post=78078"},{"taxonomy":"post_tag","embeddable":true,"href":"http:\/\/noticiastelered.com\/PortalDNoticias\/wp-json\/wp\/v2\/tags?post=78078"}],"curies":[{"name":"wp","href":"https:\/\/api.w.org\/{rel}","templated":true}]}}