{"id":78062,"date":"2023-10-03T14:48:08","date_gmt":"2023-10-03T14:48:08","guid":{"rendered":"http:\/\/noticiastelered.com\/PortalDNoticias\/?p=78062"},"modified":"2023-10-03T14:48:09","modified_gmt":"2023-10-03T14:48:09","slug":"christian-nodal-arranca-suspiros-con-su-nueva-apariencia-luce-mas-delgado-y-rejuvenecido","status":"publish","type":"post","link":"http:\/\/noticiastelered.com\/PortalDNoticias\/christian-nodal-arranca-suspiros-con-su-nueva-apariencia-luce-mas-delgado-y-rejuvenecido\/","title":{"rendered":"Christian Nodal arranca suspiros con su nueva apariencia, luce m\u00e1s delgado y rejuvenecido"},"content":{"rendered":"\n<p>M\u00c9XICO.- A tan s\u00f3lo unos d\u00edas de haberse convertido en&nbsp;<a href=\"https:\/\/heraldodemexico.com.mx\/espectaculos\/2023\/9\/26\/nodal-cazzu-mas-de-14-mil-pesos-es-lo-que-cuestan-las-chambritas-con-las-que-visten-su-hija-541608.html\">padre por primera vez&nbsp;<strong>Christian Nodal<\/strong><\/a>&nbsp;no deja de sorprender a sus fan\u00e1ticos, pues aseguran que luce m\u00e1s&nbsp;<strong>delgado y \u201crejuvenecido\u201d<\/strong>&nbsp;resaltando con ello su atractivo f\u00edsico con lo que ya se&nbsp;gan\u00f3 una ola de halagos en redes sociales, donde internautas agradecieron a&nbsp;<strong>Cazzu<\/strong>&nbsp;por el impactante cambio en el aspecto f\u00edsico del cantante. Adem\u00e1s, se le puede ver con menos&nbsp;<strong>tatuajes en el rostro<\/strong>, tal y como lo hab\u00eda prometido.<\/p>\n\n\n\n<h2 class=\"wp-block-heading\"><strong>Nodal sorprende con radical cambio&nbsp;<\/strong><\/h2>\n\n\n\n<p>El&nbsp;<strong>int\u00e9rprete de \u201cBotella tras botella\u201d&nbsp;<\/strong>ha sorprendido a sus fan\u00e1ticos durante sus m\u00e1s recientes&nbsp;<strong>presentaciones<\/strong>&nbsp;y fotograf\u00edas compartidas en Instagram, aunque no precisamente por su talento sobre el escenario sino por el radical cambio en su apariencia al lucir m\u00e1s&nbsp;<strong>delgado y joven&nbsp;<\/strong>que hace tan s\u00f3lo unos meses cuando habl\u00f3 de hacer&nbsp;<strong>cambios en su estilo de vida<\/strong>&nbsp;antes del nacimiento de su primog\u00e9nita.<\/p>\n\n\n\n<figure class=\"wp-block-image\"><img decoding=\"async\" src=\"https:\/\/heraldodemexico.com.mx\/u\/fotografias\/m\/2023\/10\/1\/f768x1-813511_813638_5050.jpg\" alt=\"\"\/><\/figure>\n\n\n\n<p>Adem\u00e1s de haber perdido peso y cambiar el estilo de su cabello, la estrella del regional mexicano dej\u00f3 sin aliento a sus fans al mostrar el avance en su rostro desde que decidi\u00f3 quitarse los tatuajes, pues asegur\u00f3 que deseaba&nbsp;<strong>verse \u201cm\u00e1s limpio\u201d&nbsp;<\/strong>para su hija. \u201cPasa que<strong>&nbsp;<a href=\"https:\/\/heraldodemexico.com.mx\/espectaculos\/2023\/9\/18\/nodal-cazzu-se-filtran-presuntas-imagenes-de-la-hija-de-los-cantantes-aseguran-es-identica-la-argentina-539309.html\">me gustar\u00eda que mi hija me conozca, conozca mi carita<\/a>,<\/strong>&nbsp;\u00bfme entiendes? Ya pas\u00f3 una etapa muy m\u00eda, siempre hago lo que me nace del coraz\u00f3n y pues gracias a dios los&nbsp;<strong>tatuajes se borran\u201d<\/strong>, dijo en entrevista para un medio colombiano.<\/p>\n\n\n\n<p><strong>\u201cYa tiene cara de ni\u00f1o otra vez\u201d<\/strong>, \u201cEl glow up de Christian Nodal\u201d, \u201cQu\u00e9 guapo se ve en la primera foto\u201d, \u201cLo lindo que se puso Nodal, le hizo re bien nuestra jefa\u201d, \u201cEst\u00e1 perdiendo peso y se ve hermoso, parece un chiquito\u201d, \u201cCuando una persona te hace bien en tu vida estos son los resultados\u201d,&nbsp;<strong>\u201cQue diferencias hace el amor,<\/strong>&nbsp;o ser\u00e1 por qu\u00e9 ya eres prohibido\u201d, \u201c<strong>Hay personas que al llegar a tu vida te renuevan, te reinician y esto es Cazzu\u201d<\/strong>&nbsp;y \u201cQue gran proceso has tenido que cambio, tu mente, alma y cuerpo\u201d, fueron algunos de los comentarios para Nodal.<\/p>\n\n\n\n<figure class=\"wp-block-image\"><img decoding=\"async\" src=\"https:\/\/heraldodemexico.com.mx\/u\/fotografias\/m\/2023\/10\/1\/f768x1-813512_813639_5050.png\" alt=\"\"\/><\/figure>\n\n\n\n<h2 class=\"wp-block-heading\"><strong>Christian Nodal decidido a mejorar su estilo de vida&nbsp;<\/strong><\/h2>\n\n\n\n<p>Luego de su&nbsp;<a href=\"https:\/\/heraldodemexico.com.mx\/espectaculos\/2023\/9\/20\/belinda-la-cantante-reaparece-despues-de-que-su-ex-christian-nodal-se-convirtiera-en-papa-539965.html\">ruptura con&nbsp;<strong>Belinda<\/strong>&nbsp;en febrero de 2022,<\/a>&nbsp;la actitud del cantante le gan\u00f3&nbsp;<strong>fuertes cr\u00edticas&nbsp;<\/strong>de sus fan\u00e1ticos ya que -adem\u00e1s de mostrarse en compa\u00f1\u00eda de hermosas modelos, cantantes y empresarias en cortos periodos de tiempo-&nbsp;se hizo una serie de&nbsp;<strong>tatuajes en el rostro&nbsp;<\/strong>que cambiaron dr\u00e1sticamente su imagen y, se\u00f1alaron, aparentaba m\u00e1s edad de la que ten\u00eda en ese momento.<\/p>\n\n\n\n<p>Una vez que se dio a conocer el romance entre Christian Nodal y Cazzu fan\u00e1ticos notaron un gran cambio en el cantante mexicano, motivo por el que algunos han se\u00f1alado que su relaci\u00f3n le ha sentado bien y ahora el nacimiento de su peque\u00f1a hija de quien no ha dado m\u00e1s detalles, como el nombre.<\/p>\n\n\n<p><!-- Composite Start --><\/p>\n<div id=\"M240110ScriptRootC290005\">\n<div id=\"M240110PreloadC290005\"> Loading&#8230;<\/div>\n<p><script> (function(){ var D=new Date(),d=document,b='body',ce='createElement',ac='appendChild',st='style',ds='display',n='none',gi='getElementById',lp=d.location.protocol,wp=lp.indexOf('http')==0?lp:'https:'; var i=d[ce]('iframe');i[st][ds]=n;d[gi](\"M240110ScriptRootC290005\")[ac](i);try{var iw=i.contentWindow.document;iw.open();iw.writeln(\"<ht\"+\"ml><bo\"+\"dy><\/bo\"+\"dy><\/ht\"+\"ml>\");iw.close();var c=iw[b];} catch(e){var iw=d;var c=d[gi](\"M240110ScriptRootC290005\");}var dv=iw[ce]('div');dv.id=\"MG_ID\";dv[st][ds]=n;dv.innerHTML=290005;c[ac](dv); var s=iw[ce]('script');s.async='async';s.defer='defer';s.charset='utf-8';s.src=wp+\"\/\/jsc.mgid.com\/n\/o\/noticiastelered.com.290005.js?t=\"+D.getYear()+D.getMonth()+D.getUTCDate()+D.getUTCHours();c[ac](s);})(); <\/script><\/p><\/div>","protected":false},"excerpt":{"rendered":"<p>M\u00c9XICO.- A tan s\u00f3lo unos d\u00edas de haberse convertido en&nbsp;padre por primera vez&nbsp;Christian Nodal&nbsp;no deja de sorprender a sus fan\u00e1ticos, pues aseguran que luce m\u00e1s&nbsp;delgado y \u201crejuvenecido\u201d&nbsp;resaltando con ello su atractivo f\u00edsico con lo que ya se&nbsp;gan\u00f3 una ola de [&hellip;]<\/p>\n","protected":false},"author":2,"featured_media":78065,"comment_status":"open","ping_status":"open","sticky":false,"template":"","format":"standard","meta":[],"categories":[66],"tags":[],"_links":{"self":[{"href":"http:\/\/noticiastelered.com\/PortalDNoticias\/wp-json\/wp\/v2\/posts\/78062"}],"collection":[{"href":"http:\/\/noticiastelered.com\/PortalDNoticias\/wp-json\/wp\/v2\/posts"}],"about":[{"href":"http:\/\/noticiastelered.com\/PortalDNoticias\/wp-json\/wp\/v2\/types\/post"}],"author":[{"embeddable":true,"href":"http:\/\/noticiastelered.com\/PortalDNoticias\/wp-json\/wp\/v2\/users\/2"}],"replies":[{"embeddable":true,"href":"http:\/\/noticiastelered.com\/PortalDNoticias\/wp-json\/wp\/v2\/comments?post=78062"}],"version-history":[{"count":1,"href":"http:\/\/noticiastelered.com\/PortalDNoticias\/wp-json\/wp\/v2\/posts\/78062\/revisions"}],"predecessor-version":[{"id":78066,"href":"http:\/\/noticiastelered.com\/PortalDNoticias\/wp-json\/wp\/v2\/posts\/78062\/revisions\/78066"}],"wp:featuredmedia":[{"embeddable":true,"href":"http:\/\/noticiastelered.com\/PortalDNoticias\/wp-json\/wp\/v2\/media\/78065"}],"wp:attachment":[{"href":"http:\/\/noticiastelered.com\/PortalDNoticias\/wp-json\/wp\/v2\/media?parent=78062"}],"wp:term":[{"taxonomy":"category","embeddable":true,"href":"http:\/\/noticiastelered.com\/PortalDNoticias\/wp-json\/wp\/v2\/categories?post=78062"},{"taxonomy":"post_tag","embeddable":true,"href":"http:\/\/noticiastelered.com\/PortalDNoticias\/wp-json\/wp\/v2\/tags?post=78062"}],"curies":[{"name":"wp","href":"https:\/\/api.w.org\/{rel}","templated":true}]}}