{"id":77831,"date":"2023-09-29T17:33:58","date_gmt":"2023-09-29T17:33:58","guid":{"rendered":"http:\/\/noticiastelered.com\/PortalDNoticias\/?p=77831"},"modified":"2023-09-29T17:33:59","modified_gmt":"2023-09-29T17:33:59","slug":"aboga-onu-dh-por-una-busqueda-efectiva-de-personas-desaparecidas","status":"publish","type":"post","link":"http:\/\/noticiastelered.com\/PortalDNoticias\/aboga-onu-dh-por-una-busqueda-efectiva-de-personas-desaparecidas\/","title":{"rendered":"Aboga ONU-DH por una b\u00fasqueda efectiva de personas desaparecidas"},"content":{"rendered":"\n<p>Por: Quadratin<\/p>\n\n\n\n<p>ACAPULCO, Gro. 29 de septiembre de 2023.- El representante adjunto en M\u00e9xico del Alto Comisionado de las Naciones Unidas por los Derechos Humanos, Jes\u00fas Pe\u00f1a Palacios expres\u00f3 su solidaridad a los colectivos de familiares de personas v\u00edctimas de desaparici\u00f3n forzada dado que mantienen sus leg\u00edtimas demandas de una b\u00fasqueda efectiva, identificaci\u00f3n plena y garant\u00edas de no repetici\u00f3n.<\/p>\n\n\n\n<p>En declaraciones a reporteros luego del acto inaugural del 75 aniversario de la Declaraci\u00f3n Internacional de los Derechos Humanos, en la zona Diamante de Acapulco, dijo que la agenda de la Organizaci\u00f3n de las Naciones Unidas (ONU) es la agenda de las v\u00edctimas y trabaja, tanto con las autoridades como con las v\u00edctimas de violaciones a los derechos humanos.<\/p>\n\n\n\n<p>A\u00f1adi\u00f3 que como Naciones Unidas tienen el compromiso de seguir avanzando con las autoridades mexicanas para la proclamaci\u00f3n de los derechos humanos y ayudar a los colectivos de v\u00edctimas en sus leg\u00edtimas demandas de b\u00fasqueda efectiva, identificaci\u00f3n plena, verdad, justicia, reparaci\u00f3n y garant\u00edas de no repetici\u00f3n.<\/p>\n\n\n\n<p>\u201cEs el compromiso de apoyar los esfuerzos de todos los pa\u00edses, pero tambi\u00e9n acompa\u00f1ar, dar asesor\u00eda a las v\u00edctimas de las desapariciones. Todos los pa\u00edses tienen retos en materia de derechos humanos y M\u00e9xico tambi\u00e9n tiene los suyos.<\/p>\n\n\n\n<p>El tema de las desapariciones forzadas en M\u00e9xico es uno de los derechos humanos que, sin lugar a dudas, hay que seguir trabajando\u201d, advirti\u00f3 Pe\u00f1a Palacios.<\/p>\n\n\n\n<p>Indic\u00f3 que existe una institucionalidad y hay pasos que se han dado desde el Estado por el reconocimiento a la problem\u00e1tica de las desapariciones forzosas.<\/p>\n\n\n\n<p>\u201cExisten esfuerzos en el \u00e1mbito forense y otros instrumentos hay que seguir avanzando\u201d, argument\u00f3.<\/p>\n\n\n\n<p>Durante su presentaci\u00f3n previa al acto protocolario en un sal\u00f3n del centro de convenciones Mundo Imperial coment\u00f3 que los 30 art\u00edculos de la proclamaci\u00f3n universal siguen vigentes. \u201cNo hay nada anacr\u00f3nico en ella, obviamente hay temas que siguen surgiendo\u201d, expuso e indic\u00f3 que en el problema de desapariciones en M\u00e9xico se debe seguir trabajando.<\/p>\n\n\n\n<p>\u201cEl actual gobierno ha reconocido la problem\u00e1tica de desapariciones forzosas y los esfuerzos en el \u00e1mbito por la proclamaci\u00f3n, as\u00ed como otros instrumentos en los que se tiene que ir avanzando\u201d, dijo.<\/p>\n","protected":false},"excerpt":{"rendered":"<p>Por: Quadratin ACAPULCO, Gro. 29 de septiembre de 2023.- El representante adjunto en M\u00e9xico del Alto Comisionado de las Naciones Unidas por los Derechos Humanos, Jes\u00fas Pe\u00f1a Palacios expres\u00f3 su solidaridad a los colectivos de familiares de personas v\u00edctimas de [&hellip;]<\/p>\n","protected":false},"author":2,"featured_media":77834,"comment_status":"open","ping_status":"open","sticky":false,"template":"","format":"standard","meta":[],"categories":[60],"tags":[],"_links":{"self":[{"href":"http:\/\/noticiastelered.com\/PortalDNoticias\/wp-json\/wp\/v2\/posts\/77831"}],"collection":[{"href":"http:\/\/noticiastelered.com\/PortalDNoticias\/wp-json\/wp\/v2\/posts"}],"about":[{"href":"http:\/\/noticiastelered.com\/PortalDNoticias\/wp-json\/wp\/v2\/types\/post"}],"author":[{"embeddable":true,"href":"http:\/\/noticiastelered.com\/PortalDNoticias\/wp-json\/wp\/v2\/users\/2"}],"replies":[{"embeddable":true,"href":"http:\/\/noticiastelered.com\/PortalDNoticias\/wp-json\/wp\/v2\/comments?post=77831"}],"version-history":[{"count":1,"href":"http:\/\/noticiastelered.com\/PortalDNoticias\/wp-json\/wp\/v2\/posts\/77831\/revisions"}],"predecessor-version":[{"id":77835,"href":"http:\/\/noticiastelered.com\/PortalDNoticias\/wp-json\/wp\/v2\/posts\/77831\/revisions\/77835"}],"wp:featuredmedia":[{"embeddable":true,"href":"http:\/\/noticiastelered.com\/PortalDNoticias\/wp-json\/wp\/v2\/media\/77834"}],"wp:attachment":[{"href":"http:\/\/noticiastelered.com\/PortalDNoticias\/wp-json\/wp\/v2\/media?parent=77831"}],"wp:term":[{"taxonomy":"category","embeddable":true,"href":"http:\/\/noticiastelered.com\/PortalDNoticias\/wp-json\/wp\/v2\/categories?post=77831"},{"taxonomy":"post_tag","embeddable":true,"href":"http:\/\/noticiastelered.com\/PortalDNoticias\/wp-json\/wp\/v2\/tags?post=77831"}],"curies":[{"name":"wp","href":"https:\/\/api.w.org\/{rel}","templated":true}]}}