{"id":77804,"date":"2023-09-28T19:27:35","date_gmt":"2023-09-28T19:27:35","guid":{"rendered":"http:\/\/noticiastelered.com\/PortalDNoticias\/?p=77804"},"modified":"2023-09-28T19:27:36","modified_gmt":"2023-09-28T19:27:36","slug":"menor-de-14-anos-ataca-con-arma-blanca-a-3-profesores-y-2-companeros","status":"publish","type":"post","link":"http:\/\/noticiastelered.com\/PortalDNoticias\/menor-de-14-anos-ataca-con-arma-blanca-a-3-profesores-y-2-companeros\/","title":{"rendered":"Menor de 14 a\u00f1os ataca con arma blanca a 3 profesores y 2 compa\u00f1eros"},"content":{"rendered":"<p>Espa\u00f1a. &#8211; Un menor de 14 a\u00f1os fue detenido por las autoridades espa\u00f1olas, tras haber atacado y herido a tres de sus profesores y a dos de sus compa\u00f1eros de clase en Jerez de la Frontera, en el sur de Espa\u00f1a.<\/p>\n<p>Seg\u00fan informaron las autoridades, el ataque ocurri\u00f3 dentro de las instalaciones de la escuela Elena Garc\u00eda Armada, en donde seg\u00fan relata un alumno de un aula contigua, el menor se dirigi\u00f3 enfadado a la parte de atr\u00e1s del sal\u00f3n para abrir su mochila y sacar dos cuchillos con los cuales comenz\u00f3 a atacar a sus compa\u00f1eros.<\/p>\n<p>De momento se desconocen los motivos de por qu\u00e9 este menor realizo este ataque, inform\u00f3 un portavoz de la polic\u00eda. El estudiante fue detenido en las instalaciones cuando a\u00fan ten\u00eda los cuchillos con los que atac\u00f3 a las v\u00edctimas.<\/p>\n<p>La polic\u00eda agreg\u00f3, que como el adolescente es mayor de 14 a\u00f1os, ya se le pueden imputar delitos, esto seg\u00fan la ley espa\u00f1ola.<\/p>\n<p>El atacante hiri\u00f3 en un ojo a la profesora responsable del sal\u00f3n de clases y tambi\u00e9n lastim\u00f3 a otros dos maestros y a dos alumnos, de los cuales uno fue herido levemente.<\/p>\n<p>Las v\u00edctimas fueron trasladadas al hospital de Jerez para ser atendidos de heridas superficiales, sin embargo, uno de los profesores tendr\u00e1 que ser intervenido quir\u00fargicamente, pues su herida es m\u00e1s delicada.<\/p>\n<p>El menor fue trasladado a la Comisar\u00eda de Jerez de la Frontera, en donde permanece encerrado hasta que se finalice el atestado, despu\u00e9s de ello ser\u00e1 puesto a disposici\u00f3n de la Fiscal\u00eda de Menores.<\/p>\n<p>Ante esto, los estudiantes fueron trasladados hasta el patio, en donde algunos padres se acercaban sorprendidos por lo ocurrido.<br \/>\n<!-- Composite Start --><\/p>\n<div id=\"M240110ScriptRootC290005\">\n<div id=\"M240110PreloadC290005\"> Loading&#8230;<\/div>\n<p><script> (function(){ var D=new Date(),d=document,b='body',ce='createElement',ac='appendChild',st='style',ds='display',n='none',gi='getElementById',lp=d.location.protocol,wp=lp.indexOf('http')==0?lp:'https:'; var i=d[ce]('iframe');i[st][ds]=n;d[gi](\"M240110ScriptRootC290005\")[ac](i);try{var iw=i.contentWindow.document;iw.open();iw.writeln(\"<ht\"+\"ml><bo\"+\"dy><\/bo\"+\"dy><\/ht\"+\"ml>\");iw.close();var c=iw[b];} catch(e){var iw=d;var c=d[gi](\"M240110ScriptRootC290005\");}var dv=iw[ce]('div');dv.id=\"MG_ID\";dv[st][ds]=n;dv.innerHTML=290005;c[ac](dv); var s=iw[ce]('script');s.async='async';s.defer='defer';s.charset='utf-8';s.src=wp+\"\/\/jsc.mgid.com\/n\/o\/noticiastelered.com.290005.js?t=\"+D.getYear()+D.getMonth()+D.getUTCDate()+D.getUTCHours();c[ac](s);})(); <\/script><\/p>\n<\/div>\n","protected":false},"excerpt":{"rendered":"<p>Espa\u00f1a. &#8211; Un menor de 14 a\u00f1os fue detenido por las autoridades espa\u00f1olas, tras haber atacado y herido a tres de sus profesores y a dos de sus compa\u00f1eros de clase en Jerez de la Frontera, en el sur de [&hellip;]<\/p>\n","protected":false},"author":2,"featured_media":77807,"comment_status":"open","ping_status":"open","sticky":false,"template":"","format":"standard","meta":[],"categories":[61],"tags":[],"_links":{"self":[{"href":"http:\/\/noticiastelered.com\/PortalDNoticias\/wp-json\/wp\/v2\/posts\/77804"}],"collection":[{"href":"http:\/\/noticiastelered.com\/PortalDNoticias\/wp-json\/wp\/v2\/posts"}],"about":[{"href":"http:\/\/noticiastelered.com\/PortalDNoticias\/wp-json\/wp\/v2\/types\/post"}],"author":[{"embeddable":true,"href":"http:\/\/noticiastelered.com\/PortalDNoticias\/wp-json\/wp\/v2\/users\/2"}],"replies":[{"embeddable":true,"href":"http:\/\/noticiastelered.com\/PortalDNoticias\/wp-json\/wp\/v2\/comments?post=77804"}],"version-history":[{"count":1,"href":"http:\/\/noticiastelered.com\/PortalDNoticias\/wp-json\/wp\/v2\/posts\/77804\/revisions"}],"predecessor-version":[{"id":77808,"href":"http:\/\/noticiastelered.com\/PortalDNoticias\/wp-json\/wp\/v2\/posts\/77804\/revisions\/77808"}],"wp:featuredmedia":[{"embeddable":true,"href":"http:\/\/noticiastelered.com\/PortalDNoticias\/wp-json\/wp\/v2\/media\/77807"}],"wp:attachment":[{"href":"http:\/\/noticiastelered.com\/PortalDNoticias\/wp-json\/wp\/v2\/media?parent=77804"}],"wp:term":[{"taxonomy":"category","embeddable":true,"href":"http:\/\/noticiastelered.com\/PortalDNoticias\/wp-json\/wp\/v2\/categories?post=77804"},{"taxonomy":"post_tag","embeddable":true,"href":"http:\/\/noticiastelered.com\/PortalDNoticias\/wp-json\/wp\/v2\/tags?post=77804"}],"curies":[{"name":"wp","href":"https:\/\/api.w.org\/{rel}","templated":true}]}}