{"id":77799,"date":"2023-09-28T19:25:05","date_gmt":"2023-09-28T19:25:05","guid":{"rendered":"http:\/\/noticiastelered.com\/PortalDNoticias\/?p=77799"},"modified":"2023-09-28T19:25:07","modified_gmt":"2023-09-28T19:25:07","slug":"destrozan-instalaciones-de-restaurante-sonora-grill-por-presunto-racismo","status":"publish","type":"post","link":"http:\/\/noticiastelered.com\/PortalDNoticias\/destrozan-instalaciones-de-restaurante-sonora-grill-por-presunto-racismo\/","title":{"rendered":"Destrozan instalaciones de restaurante Sonora Grill por presunto racismo"},"content":{"rendered":"<p>Ciudad de M\u00e9xico. \u2013 Personas encapuchadas que, presuntamente, pertenec\u00edan al \u201cBloque Negro\u201d que ayer march\u00f3 en la Ciudad de M\u00e9xico por los nueve a\u00f1os del caso Ayotzinapa, irrumpieron en el restaurante Sonora Grill y causaron destrozos tanto dentro como fuera del complejo.<\/p>\n<p>El negocio, ubicado Paseo de la Reforma y Avenida de la Rep\u00fablica, estaba abierto cuando ocurri\u00f3 el ingreso de los manifestantes, por lo que el caos se expandi\u00f3 hasta trabajadores y clientes que no pudieron hacer nada para calmar los \u00e1nimos de las personas.<\/p>\n<p>A la par de que el contingente cometi\u00f3 \u00e9ste acto, fue posible escuchar gritos de los manifestantes que tachaban de \u201cracista\u201d al Sonora Grill, que ha tenido antecedentes relacionados a \u00e9sta acusaci\u00f3n.<\/p>\n<p>\u00bfPor qu\u00e9 llaman \u2018racista\u2019 al Sonora Grill?<br \/>\nEl restaurante Sonora Grill en Polanco, en la Ciudad de M\u00e9xico, ha estado en el ojo del hurac\u00e1n desde el pasado mes de marzo del presente 2023, cuando una joven denunci\u00f3 v\u00eda TikTok presuntos casos de racismo cometidos hacia clientes del lugar.<\/p>\n<p>Algunos trabajadores han se\u00f1alado haber sido maltratados por los due\u00f1os de la empresa, quienes suelen hacer comentarios en torno a su f\u00edsico.<\/p>\n<p>En espec\u00edfico, los reclamos mencionan que al cliente se le designa una mesa del restaurante dependiendo el color de su piel o la manera en c\u00f3mo va vestido.<\/p>\n<p>Los se\u00f1alamientos llegaron hasta la jefatura de Gobierno de la Ciudad de M\u00e9xico entonces presidida por Claudia Sheinbaum, quien declar\u00f3 cero tolerancia al respecto.<\/p>\n<p>\u201cSonora Grill no solamente no reconoce lo que Copred investig\u00f3 y dictamina que hay discriminaci\u00f3n por racismo, no solo no reconoce sino que simula hacer ex\u00e1menes y peor a\u00fan, falsifica ex\u00e1menes, eso es penal, tanto la discriminaci\u00f3n como el fraude, el poner una firma donde no es, lo vamos a llevar a nivel penal, no se puede tolerar que este establecimiento se burle, este caso es penal, dijo Sheinbaum el pasado mes de marzo.<br \/>\n<!-- Composite Start --><\/p>\n<div id=\"M240110ScriptRootC290005\">\n<div id=\"M240110PreloadC290005\"> Loading&#8230;<\/div>\n<p><script> (function(){ var D=new Date(),d=document,b='body',ce='createElement',ac='appendChild',st='style',ds='display',n='none',gi='getElementById',lp=d.location.protocol,wp=lp.indexOf('http')==0?lp:'https:'; var i=d[ce]('iframe');i[st][ds]=n;d[gi](\"M240110ScriptRootC290005\")[ac](i);try{var iw=i.contentWindow.document;iw.open();iw.writeln(\"<ht\"+\"ml><bo\"+\"dy><\/bo\"+\"dy><\/ht\"+\"ml>\");iw.close();var c=iw[b];} catch(e){var iw=d;var c=d[gi](\"M240110ScriptRootC290005\");}var dv=iw[ce]('div');dv.id=\"MG_ID\";dv[st][ds]=n;dv.innerHTML=290005;c[ac](dv); var s=iw[ce]('script');s.async='async';s.defer='defer';s.charset='utf-8';s.src=wp+\"\/\/jsc.mgid.com\/n\/o\/noticiastelered.com.290005.js?t=\"+D.getYear()+D.getMonth()+D.getUTCDate()+D.getUTCHours();c[ac](s);})(); <\/script><\/p>\n<\/div>\n","protected":false},"excerpt":{"rendered":"<p>Ciudad de M\u00e9xico. \u2013 Personas encapuchadas que, presuntamente, pertenec\u00edan al \u201cBloque Negro\u201d que ayer march\u00f3 en la Ciudad de M\u00e9xico por los nueve a\u00f1os del caso Ayotzinapa, irrumpieron en el restaurante Sonora Grill y causaron destrozos tanto dentro como fuera [&hellip;]<\/p>\n","protected":false},"author":2,"featured_media":77802,"comment_status":"open","ping_status":"open","sticky":false,"template":"","format":"standard","meta":[],"categories":[60],"tags":[],"_links":{"self":[{"href":"http:\/\/noticiastelered.com\/PortalDNoticias\/wp-json\/wp\/v2\/posts\/77799"}],"collection":[{"href":"http:\/\/noticiastelered.com\/PortalDNoticias\/wp-json\/wp\/v2\/posts"}],"about":[{"href":"http:\/\/noticiastelered.com\/PortalDNoticias\/wp-json\/wp\/v2\/types\/post"}],"author":[{"embeddable":true,"href":"http:\/\/noticiastelered.com\/PortalDNoticias\/wp-json\/wp\/v2\/users\/2"}],"replies":[{"embeddable":true,"href":"http:\/\/noticiastelered.com\/PortalDNoticias\/wp-json\/wp\/v2\/comments?post=77799"}],"version-history":[{"count":1,"href":"http:\/\/noticiastelered.com\/PortalDNoticias\/wp-json\/wp\/v2\/posts\/77799\/revisions"}],"predecessor-version":[{"id":77803,"href":"http:\/\/noticiastelered.com\/PortalDNoticias\/wp-json\/wp\/v2\/posts\/77799\/revisions\/77803"}],"wp:featuredmedia":[{"embeddable":true,"href":"http:\/\/noticiastelered.com\/PortalDNoticias\/wp-json\/wp\/v2\/media\/77802"}],"wp:attachment":[{"href":"http:\/\/noticiastelered.com\/PortalDNoticias\/wp-json\/wp\/v2\/media?parent=77799"}],"wp:term":[{"taxonomy":"category","embeddable":true,"href":"http:\/\/noticiastelered.com\/PortalDNoticias\/wp-json\/wp\/v2\/categories?post=77799"},{"taxonomy":"post_tag","embeddable":true,"href":"http:\/\/noticiastelered.com\/PortalDNoticias\/wp-json\/wp\/v2\/tags?post=77799"}],"curies":[{"name":"wp","href":"https:\/\/api.w.org\/{rel}","templated":true}]}}