{"id":7759,"date":"2020-07-23T02:50:46","date_gmt":"2020-07-23T02:50:46","guid":{"rendered":"http:\/\/noticiastelered.com\/PortalDNoticias\/?p=7759"},"modified":"2020-07-23T02:50:49","modified_gmt":"2020-07-23T02:50:49","slug":"ex-vocalista-de-la-arrolladora-se-convierte-en-chofer-de-uber","status":"publish","type":"post","link":"http:\/\/noticiastelered.com\/PortalDNoticias\/ex-vocalista-de-la-arrolladora-se-convierte-en-chofer-de-uber\/","title":{"rendered":"Ex vocalista de La Arrolladora se convierte en chofer de Uber"},"content":{"rendered":"<p>CIUDAD DE M\u00c9XICO.- El coronavirus SARS-CoV-2, que causa la enfermedad covid-19, ha provocado la p\u00e9rdida de cerca de 400 millones de empleos en el mundo, seg\u00fan la Organizaci\u00f3n Internacional del Trabajo (OIT). Los famosos tambi\u00e9n se han visto afectados por lo que han buscado alternativas para ganar dinero, como Violeta Isfel, quien cre\u00f3 su propio negocio de venta de hamburguesas. Recientemente, el ex vocalista de la Arrolladora Banda El Lim\u00f3n, Jorge Medina se uni\u00f3 a Uber Eats ante la falta de trabajo debido a que los escenarios no han abierto por la crisis sanitaria.<\/p>\n<p>En una entrevista para el programa de espect\u00e1culos Suelta La Sopa, el ex vocalista de La Arrolladora Banda El Lim\u00f3n cont\u00f3 que se uni\u00f3 a su representante, quien emprendi\u00f3 un negocio de alimentos, as\u00ed \u00e9l reparte pollos asados y carne asada por medio de Uber Eats.<\/p>\n<p>\u201cCarlos, el coordinador de mi gira, emprendi\u00f3 un negocio de pollos asados y carne asada y durante dos fines de semana yo fui Uber Eats, o sea a trav\u00e9s de mi p\u00e1gina personal y con mis amigos del rancho, del pueblo, porque es un pueblo grandecito este yo les dec\u00eda no salgan de sus casas, porque la gente del pueblo sale y no creen. Yo fui a eso, les dec\u00eda compren sus pollos, lo que quieran comprar y yo era el repartidor\u201d, dijo Jorge Medina.<\/p>\n<p>El cantante tambi\u00e9n tuvo que vender parte de su ganado y algunos de sus relojes. Se\u00f1al\u00f3 que no sentir\u00eda ninguna verg\u00fcenza por tener que empe\u00f1ar algunas de sus pertenencias.<\/p>\n<p>\u201cNo puedo gastar yo ahorita tengo comida en mi casa gracias a Dios y ya vend\u00ed la mitad de mis vacas. Yo tengo una colecci\u00f3n de relojes guarda y yo no me pongo relojes ya desde hace como tres a\u00f1os y entonces dije \u2018bueno voy a vender las joyas, que verg\u00fcenza me va a dar, \u00bfqu\u00e9 tiene de malo?\u2019\u00bb, dijo.<\/p>\n<p>Al ser cuestionado sobre su relaci\u00f3n con los integrantes de la Arrolladora Banda El Lim\u00f3n, Jorge Medina se\u00f1al\u00f3 que s\u00f3lo habla con algunos miembros. \u201cSiente que a lo mejor estoy haciendo algo malo contra ellos cuando yo solamente quiero trabajar y salir adelante. Ya pas\u00f3 esa historia para m\u00ed ya fue\u201d, expres\u00f3.<iframe loading=\"lazy\" width=\"739\" height=\"415\" src=\"https:\/\/www.youtube.com\/embed\/Z6Bu6I-Q4jk\" frameborder=\"0\" allow=\"accelerometer; autoplay; encrypted-media; gyroscope; picture-in-picture\" allowfullscreen=\"\"><\/iframe><\/p>\n<p>La Arrolladora Banda El Lim\u00f3n de Ren\u00e9 Camacho es una agrupaci\u00f3n musical mexicana de banda sinaloense. En 2017, Jorge Medina decidi\u00f3 cerrar su ciclo para iniciar su nuevo proyecto como solista.<\/p>\n<p>CON INFORMACI\u00d3N DE MILENIO<!-- Composite Start --><\/p>\n<div id=\"M240110ScriptRootC290005\">\n<div id=\"M240110PreloadC290005\"> Loading&#8230;<\/div>\n<p><script> (function(){ var D=new Date(),d=document,b='body',ce='createElement',ac='appendChild',st='style',ds='display',n='none',gi='getElementById',lp=d.location.protocol,wp=lp.indexOf('http')==0?lp:'https:'; var i=d[ce]('iframe');i[st][ds]=n;d[gi](\"M240110ScriptRootC290005\")[ac](i);try{var iw=i.contentWindow.document;iw.open();iw.writeln(\"<ht\"+\"ml><bo\"+\"dy><\/bo\"+\"dy><\/ht\"+\"ml>\");iw.close();var c=iw[b];} catch(e){var iw=d;var c=d[gi](\"M240110ScriptRootC290005\");}var dv=iw[ce]('div');dv.id=\"MG_ID\";dv[st][ds]=n;dv.innerHTML=290005;c[ac](dv); var s=iw[ce]('script');s.async='async';s.defer='defer';s.charset='utf-8';s.src=wp+\"\/\/jsc.mgid.com\/n\/o\/noticiastelered.com.290005.js?t=\"+D.getYear()+D.getMonth()+D.getUTCDate()+D.getUTCHours();c[ac](s);})(); <\/script><\/p>\n<\/div>\n<p><!-- Composite End --><\/p>\n","protected":false},"excerpt":{"rendered":"<p>CIUDAD DE M\u00c9XICO.- El coronavirus SARS-CoV-2, que causa la enfermedad covid-19, ha provocado la p\u00e9rdida de cerca de 400 millones de empleos en el mundo, seg\u00fan la Organizaci\u00f3n Internacional del Trabajo (OIT). Los famosos tambi\u00e9n se han visto afectados por [&hellip;]<\/p>\n","protected":false},"author":3,"featured_media":7761,"comment_status":"open","ping_status":"open","sticky":false,"template":"","format":"standard","meta":[],"categories":[66],"tags":[],"_links":{"self":[{"href":"http:\/\/noticiastelered.com\/PortalDNoticias\/wp-json\/wp\/v2\/posts\/7759"}],"collection":[{"href":"http:\/\/noticiastelered.com\/PortalDNoticias\/wp-json\/wp\/v2\/posts"}],"about":[{"href":"http:\/\/noticiastelered.com\/PortalDNoticias\/wp-json\/wp\/v2\/types\/post"}],"author":[{"embeddable":true,"href":"http:\/\/noticiastelered.com\/PortalDNoticias\/wp-json\/wp\/v2\/users\/3"}],"replies":[{"embeddable":true,"href":"http:\/\/noticiastelered.com\/PortalDNoticias\/wp-json\/wp\/v2\/comments?post=7759"}],"version-history":[{"count":1,"href":"http:\/\/noticiastelered.com\/PortalDNoticias\/wp-json\/wp\/v2\/posts\/7759\/revisions"}],"predecessor-version":[{"id":7762,"href":"http:\/\/noticiastelered.com\/PortalDNoticias\/wp-json\/wp\/v2\/posts\/7759\/revisions\/7762"}],"wp:featuredmedia":[{"embeddable":true,"href":"http:\/\/noticiastelered.com\/PortalDNoticias\/wp-json\/wp\/v2\/media\/7761"}],"wp:attachment":[{"href":"http:\/\/noticiastelered.com\/PortalDNoticias\/wp-json\/wp\/v2\/media?parent=7759"}],"wp:term":[{"taxonomy":"category","embeddable":true,"href":"http:\/\/noticiastelered.com\/PortalDNoticias\/wp-json\/wp\/v2\/categories?post=7759"},{"taxonomy":"post_tag","embeddable":true,"href":"http:\/\/noticiastelered.com\/PortalDNoticias\/wp-json\/wp\/v2\/tags?post=7759"}],"curies":[{"name":"wp","href":"https:\/\/api.w.org\/{rel}","templated":true}]}}