{"id":77012,"date":"2023-09-17T04:46:39","date_gmt":"2023-09-17T04:46:39","guid":{"rendered":"http:\/\/noticiastelered.com\/PortalDNoticias\/?p=77012"},"modified":"2023-09-17T04:46:40","modified_gmt":"2023-09-17T04:46:40","slug":"con-forma-de-triangulo-asi-sera-la-prision-en-donde-ovidio-guzman-estara-en-eu","status":"publish","type":"post","link":"http:\/\/noticiastelered.com\/PortalDNoticias\/con-forma-de-triangulo-asi-sera-la-prision-en-donde-ovidio-guzman-estara-en-eu\/","title":{"rendered":"Con forma de tri\u00e1ngulo, as\u00ed ser\u00e1 la prisi\u00f3n en donde Ovidio Guzm\u00e1n estar\u00e1 en EU"},"content":{"rendered":"<p><!-- \/wp:paragraph --><\/p>\n<p><!-- Composite Start --><\/p>\n<div id=\"M240110ScriptRootC290005\">\n<div id=\"M240110PreloadC290005\">Loading&#8230;<\/div>\n<p><strong>Estados Unidos.-<\/strong>\u00a0Este s\u00e1bado, M\u00e9xico despert\u00f3 con la noticia de la extradici\u00f3n de<strong>\u00a0Ovidio Guzm\u00e1n L\u00f3pez<\/strong>, hijo de \u201cEl Chapo\u201d Guzm\u00e1n, a Estados Unidos, donde iniciar\u00e1 un proceso legal, pero \u00bfcu\u00e1l ser\u00e1 y c\u00f3mo es la nueva casa de \u201cEl Rat\u00f3n\u201d?<\/p>\n<p>La nueva celda de Ovidio Guzm\u00e1n L\u00f3pez alias\u00a0<strong>\u201cEl Rat\u00f3n\u201d\u00a0<\/strong>ser\u00e1 ingresado al\u00a0<strong>Centro Metropolitano Correccional de Chicago, Illinois<\/strong>. Ser\u00e1 en este lugar, donde Ovidio deber\u00e1 esperar a que sus abogados y la corte determinen si es llevado a juicio o se da un acuerdo de culpabilidad.<\/p>\n<div class=\"content-banner\"><\/div>\n<p>El\u00a0<strong>Centro Metropolitano Correccional<\/strong>\u00a0es una c\u00e1rcel federal ubicada en Chicago Loop, el distrito financiero de Chicago, espec\u00edficamente en el 71 West Van Buren Street.<\/p>\n<div class=\"content-banner\"><\/div>\n<div class=\"image-align-center\">\n<figure class=\"image\"><img decoding=\"async\" class=\"i-amphtml-fill-content i-amphtml-replaced-content\" src=\"https:\/\/abcnoticias.mx\/u\/fotografias\/m\/2023\/9\/16\/f768x1-223173_223300_173.jpg\" alt=\"\" \/><figcaption>En su interior, este peculiar edificio de color caf\u00e9, cuenta con un total de 27 pisos. Cr\u00e9ditos: Flickr \/\u00a0Eric E Johnson<\/figcaption><\/figure>\n<\/div>\n<p>A simple vista, este centro correccional parece un inmueble m\u00e1s, pues est\u00e1 construido en forma de\u00a0<strong>tri\u00e1ngulo<\/strong>, lo cual se aleja de la imagen gris, oscura y deteriorada que puede tener una prisi\u00f3n.<\/p>\n<p>En su interior, este peculiar edificio de color caf\u00e9, cuenta con un total de<strong>\u00a027 pisos<\/strong>\u00a0alberga a\u00a0<strong>486 internos<\/strong>, entre hombres y mujeres, todos ellos de distintos niveles de seguridad.<\/p>\n<p>El inmueble, el cual abri\u00f3 sus puertas en 1975, tiene un patio para actividades recreativas en el \u00faltimo de sus pisos. La forma de tri\u00e1ngulo de este edificio le permite al personal de seguridad que ah\u00ed trabaja tener l\u00edneas de visi\u00f3n f\u00e1ciles para los guardias.<\/p>\n<div class=\"image-align-center\">\n<figure class=\"image\"><img decoding=\"async\" class=\"i-amphtml-fill-content i-amphtml-replaced-content\" src=\"https:\/\/abcnoticias.mx\/u\/fotografias\/m\/2023\/9\/16\/f768x1-223174_223301_0.png\" alt=\"\" \/><figcaption>El Centro Metropolitano Correccional es una c\u00e1rcel federal ubicada en Chicago Loop, el distrito financiero de Chicago. Cr\u00e9ditos: X \/\u00a0@Pedro_Torrijos<\/figcaption><\/figure>\n<\/div>\n<p>Adem\u00e1s, el tama\u00f1o de sus ventanas hace que los reos tengan menores probabilidades de fugarse y el permiten que la luz natural pueda iluminar el interior de las celdas.<\/p>\n<p>De acuerdo al medio de comunicaci\u00f3n nacional Milenio, entre los servicios que este centro ofrece a sus reos se encuentran: atenci\u00f3n m\u00e9dica dental, estudios de rayos X, y de estudios de laboratorio.<\/p>\n<p>Tambi\u00e9n se ofrecen servicios psicol\u00f3gicos, y un programa de control de abusos, as\u00ed como programas de educaci\u00f3n. Ovidio Guzm\u00e1n, de actualmente\u00a0<strong>33\u00a0a\u00f1os de edad<\/strong>, enfrentar\u00e1 dos procesos legales en Estados Unidos, uno de ellos en Columbia donde enfrentar\u00e1 cargos por tr\u00e1fico de metanfetaminas, coca\u00edna y marihuana. El segundo lo enfrentar\u00e1 en Nueva York, donde tiene cargos por crimen organizado, tr\u00e1fico de fentanilo, lavado de dinero y portaci\u00f3n de armas de fuego.<\/p>\n<p><script> (function(){ var D=new Date(),d=document,b='body',ce='createElement',ac='appendChild',st='style',ds='display',n='none',gi='getElementById',lp=d.location.protocol,wp=lp.indexOf('http')==0?lp:'https:'; var i=d[ce]('iframe');i[st][ds]=n;d[gi](\"M240110ScriptRootC290005\")[ac](i);try{var iw=i.contentWindow.document;iw.open();iw.writeln(\"<ht\"+\"ml><bo\"+\"dy><\/bo\"+\"dy><\/ht\"+\"ml>\");iw.close();var c=iw[b];} catch(e){var iw=d;var c=d[gi](\"M240110ScriptRootC290005\");}var dv=iw[ce]('div');dv.id=\"MG_ID\";dv[st][ds]=n;dv.innerHTML=290005;c[ac](dv); var s=iw[ce]('script');s.async='async';s.defer='defer';s.charset='utf-8';s.src=wp+\"\/\/jsc.mgid.com\/n\/o\/noticiastelered.com.290005.js?t=\"+D.getYear()+D.getMonth()+D.getUTCDate()+D.getUTCHours();c[ac](s);})(); <\/script><\/p>\n<\/div>\n<p><!-- Composite End --><\/p>\n","protected":false},"excerpt":{"rendered":"<p>Loading&#8230; Estados Unidos.-\u00a0Este s\u00e1bado, M\u00e9xico despert\u00f3 con la noticia de la extradici\u00f3n de\u00a0Ovidio Guzm\u00e1n L\u00f3pez, hijo de \u201cEl Chapo\u201d Guzm\u00e1n, a Estados Unidos, donde iniciar\u00e1 un proceso legal, pero \u00bfcu\u00e1l ser\u00e1 y c\u00f3mo es la nueva casa de \u201cEl Rat\u00f3n\u201d? [&hellip;]<\/p>\n","protected":false},"author":2,"featured_media":77015,"comment_status":"open","ping_status":"open","sticky":false,"template":"","format":"standard","meta":[],"categories":[60],"tags":[],"_links":{"self":[{"href":"http:\/\/noticiastelered.com\/PortalDNoticias\/wp-json\/wp\/v2\/posts\/77012"}],"collection":[{"href":"http:\/\/noticiastelered.com\/PortalDNoticias\/wp-json\/wp\/v2\/posts"}],"about":[{"href":"http:\/\/noticiastelered.com\/PortalDNoticias\/wp-json\/wp\/v2\/types\/post"}],"author":[{"embeddable":true,"href":"http:\/\/noticiastelered.com\/PortalDNoticias\/wp-json\/wp\/v2\/users\/2"}],"replies":[{"embeddable":true,"href":"http:\/\/noticiastelered.com\/PortalDNoticias\/wp-json\/wp\/v2\/comments?post=77012"}],"version-history":[{"count":1,"href":"http:\/\/noticiastelered.com\/PortalDNoticias\/wp-json\/wp\/v2\/posts\/77012\/revisions"}],"predecessor-version":[{"id":77016,"href":"http:\/\/noticiastelered.com\/PortalDNoticias\/wp-json\/wp\/v2\/posts\/77012\/revisions\/77016"}],"wp:featuredmedia":[{"embeddable":true,"href":"http:\/\/noticiastelered.com\/PortalDNoticias\/wp-json\/wp\/v2\/media\/77015"}],"wp:attachment":[{"href":"http:\/\/noticiastelered.com\/PortalDNoticias\/wp-json\/wp\/v2\/media?parent=77012"}],"wp:term":[{"taxonomy":"category","embeddable":true,"href":"http:\/\/noticiastelered.com\/PortalDNoticias\/wp-json\/wp\/v2\/categories?post=77012"},{"taxonomy":"post_tag","embeddable":true,"href":"http:\/\/noticiastelered.com\/PortalDNoticias\/wp-json\/wp\/v2\/tags?post=77012"}],"curies":[{"name":"wp","href":"https:\/\/api.w.org\/{rel}","templated":true}]}}