{"id":77002,"date":"2023-09-17T04:41:38","date_gmt":"2023-09-17T04:41:38","guid":{"rendered":"http:\/\/noticiastelered.com\/PortalDNoticias\/?p=77002"},"modified":"2023-09-17T04:41:40","modified_gmt":"2023-09-17T04:41:40","slug":"asi-luce-actualmente-jake-de-two-and-a-half-men","status":"publish","type":"post","link":"http:\/\/noticiastelered.com\/PortalDNoticias\/asi-luce-actualmente-jake-de-two-and-a-half-men\/","title":{"rendered":"As\u00ed luce actualmente \u2018Jake\u2019 de \u2018Two and a half men\u2019"},"content":{"rendered":"<p>CIUDAD DE M\u00c9XICO.- Angus T. Jones, o m\u00e1s conocido como \u2018Jake Harper\u2019, se hizo mundialmente conocido con una de las sitcoms m\u00e1s famosas de la historia de la televisi\u00f3n. \u2018Two and a half men\u2019 o \u2018Dos hombres y medio\u2019, comedia que se emiti\u00f3 durante doce temporadas del 22 de septiembre de 2003 al 19 de febrero de 2015. Hoy, lejos de la televisi\u00f3n y las pantallas, luce totalmente distinto.<\/p>\n<p>Cuando se emiti\u00f3 el piloto de \u2018Dos hombres y medio\u2019, el p\u00fablico qued\u00f3 encantando con el peque\u00f1o sobrino de Charlie y sus ocurrencias. Angus dej\u00f3 el programa en el 2012 despu\u00e9s de ser bautizado por la Iglesia Adventista del S\u00e9ptimo D\u00eda de Am\u00e9rica del Norte.<\/p>\n<p>Angus a sus 29 a\u00f1os.<\/p>\n<p>Angus T. Jones luce distinto y muy cambiado<\/p>\n<p>Desde ese momento, poco o nada se supo del actor, que este 8 de octubre cumple 30 a\u00f1os. En sus a\u00f1os mozos, lleg\u00f3 a cobrar hasta 300 mil d\u00f3lares por episodio, pero su vida cambi\u00f3 tras esa decisi\u00f3n de alejarse de las pantallas.<\/p>\n<p>\u2018Jake\u2019 luce con gran barba y sin pelo.<\/p>\n<p>En agosto de este a\u00f1o, se le vio despu\u00e9s de mucho tiempo y no pas\u00f3 desapercibido. Angus daba un paseo durante un d\u00eda soleado en Los \u00c1ngeles vistiendo una sudadera con capucha gris con las mangas arremangadas, pantalones cortos negros y zapatillas negras.<\/p>\n<p>Pero no solo eso, pues el recordado \u2018Jake\u2019 luc\u00eda un aspecto desali\u00f1ado, un dram\u00e1tico corte de pelo oscuro, una barba poblada y gafas estilo Jeffrey Dahmer.<\/p>\n<p>Angus, en su momento, recomend\u00f3 no ver \u2018Two and a half men\u2019.<\/p>\n<p>Recomend\u00f3 no ver la serie<\/p>\n<p>Antes de dejar la serie, Angus tuvo unas desafortunadas declaraciones recomendando a las personas no ver \u201cTwo and a half men\u201d. \u201cSi ves \u2018Two and a Half Men\u2019, por favor deja de ver \u2018Two and a Half Men\u2019\u201d, predic\u00f3 en un v\u00eddeo de YouTube publicado por el grupo cristiano Forerunner Chronicles.<\/p>\n<p>\u201cEstoy en \u2018TAAHM\u2019 y no quiero estar en ella. Por favor, deja de verlo y de llenarte la cabeza de porquer\u00eda. La gente dice que es solo entretenimiento\u201d, continu\u00f3. \u201cInvestiga un poco sobre los efectos de la televisi\u00f3n y tu cerebro, y te prometo que tendr\u00e1s que tomar una decisi\u00f3n cuando se trata de televisi\u00f3n, especialmente con lo que miras\u201d, agreg\u00f3.<\/p>\n<p><!-- \/wp:paragraph --><\/p>\n<p><!-- Composite Start --><\/p>\n<div id=\"M240110ScriptRootC290005\">\n<div id=\"M240110PreloadC290005\"> Loading&#8230;<\/div>\n<p><script> (function(){ var D=new Date(),d=document,b='body',ce='createElement',ac='appendChild',st='style',ds='display',n='none',gi='getElementById',lp=d.location.protocol,wp=lp.indexOf('http')==0?lp:'https:'; var i=d[ce]('iframe');i[st][ds]=n;d[gi](\"M240110ScriptRootC290005\")[ac](i);try{var iw=i.contentWindow.document;iw.open();iw.writeln(\"<ht\"+\"ml><bo\"+\"dy><\/bo\"+\"dy><\/ht\"+\"ml>\");iw.close();var c=iw[b];} catch(e){var iw=d;var c=d[gi](\"M240110ScriptRootC290005\");}var dv=iw[ce]('div');dv.id=\"MG_ID\";dv[st][ds]=n;dv.innerHTML=290005;c[ac](dv); var s=iw[ce]('script');s.async='async';s.defer='defer';s.charset='utf-8';s.src=wp+\"\/\/jsc.mgid.com\/n\/o\/noticiastelered.com.290005.js?t=\"+D.getYear()+D.getMonth()+D.getUTCDate()+D.getUTCHours();c[ac](s);})(); <\/script><\/p>\n<\/div>\n<p><!-- Composite End --><\/p>\n","protected":false},"excerpt":{"rendered":"<p>CIUDAD DE M\u00c9XICO.- Angus T. Jones, o m\u00e1s conocido como \u2018Jake Harper\u2019, se hizo mundialmente conocido con una de las sitcoms m\u00e1s famosas de la historia de la televisi\u00f3n. \u2018Two and a half men\u2019 o \u2018Dos hombres y medio\u2019, comedia [&hellip;]<\/p>\n","protected":false},"author":2,"featured_media":77005,"comment_status":"open","ping_status":"open","sticky":false,"template":"","format":"standard","meta":[],"categories":[66],"tags":[],"_links":{"self":[{"href":"http:\/\/noticiastelered.com\/PortalDNoticias\/wp-json\/wp\/v2\/posts\/77002"}],"collection":[{"href":"http:\/\/noticiastelered.com\/PortalDNoticias\/wp-json\/wp\/v2\/posts"}],"about":[{"href":"http:\/\/noticiastelered.com\/PortalDNoticias\/wp-json\/wp\/v2\/types\/post"}],"author":[{"embeddable":true,"href":"http:\/\/noticiastelered.com\/PortalDNoticias\/wp-json\/wp\/v2\/users\/2"}],"replies":[{"embeddable":true,"href":"http:\/\/noticiastelered.com\/PortalDNoticias\/wp-json\/wp\/v2\/comments?post=77002"}],"version-history":[{"count":1,"href":"http:\/\/noticiastelered.com\/PortalDNoticias\/wp-json\/wp\/v2\/posts\/77002\/revisions"}],"predecessor-version":[{"id":77006,"href":"http:\/\/noticiastelered.com\/PortalDNoticias\/wp-json\/wp\/v2\/posts\/77002\/revisions\/77006"}],"wp:featuredmedia":[{"embeddable":true,"href":"http:\/\/noticiastelered.com\/PortalDNoticias\/wp-json\/wp\/v2\/media\/77005"}],"wp:attachment":[{"href":"http:\/\/noticiastelered.com\/PortalDNoticias\/wp-json\/wp\/v2\/media?parent=77002"}],"wp:term":[{"taxonomy":"category","embeddable":true,"href":"http:\/\/noticiastelered.com\/PortalDNoticias\/wp-json\/wp\/v2\/categories?post=77002"},{"taxonomy":"post_tag","embeddable":true,"href":"http:\/\/noticiastelered.com\/PortalDNoticias\/wp-json\/wp\/v2\/tags?post=77002"}],"curies":[{"name":"wp","href":"https:\/\/api.w.org\/{rel}","templated":true}]}}