{"id":76992,"date":"2023-09-17T04:37:53","date_gmt":"2023-09-17T04:37:53","guid":{"rendered":"http:\/\/noticiastelered.com\/PortalDNoticias\/?p=76992"},"modified":"2023-09-17T04:37:54","modified_gmt":"2023-09-17T04:37:54","slug":"emma-coronel-reaparece-la-misma-noche-que-extraditan-a-ovidio-guzman","status":"publish","type":"post","link":"http:\/\/noticiastelered.com\/PortalDNoticias\/emma-coronel-reaparece-la-misma-noche-que-extraditan-a-ovidio-guzman\/","title":{"rendered":"Emma Coronel reaparece la misma noche que extraditan a Ovidio Guzm\u00e1n"},"content":{"rendered":"<p><!-- \/wp:paragraph --><\/p>\n<p><!-- Composite Start --><\/p>\n<div id=\"M240110ScriptRootC290005\">\n<div id=\"M240110PreloadC290005\">Loading&#8230;<\/div>\n<div><\/div>\n<p>Emma Coronel Aispuro, esposa del narcotraficante Joaqu\u00edn \u201cEl Chapo\u201d Guzm\u00e1n, fue vista por primera vez la noche de este 15 de septiembre en un evento p\u00fablico, a dos d\u00edas de haber salido de un centro de reinserci\u00f3n social en Long Beach el pasado mi\u00e9rcoles.<\/p>\n<p><strong>Emma Coronel reaparece en p\u00fablico<\/strong><\/p>\n<p>De acuerdo con reportes de la prensa internacional, la ex reina de belleza asisti\u00f3 a una presentaci\u00f3n musical de su abogada Mariel Col\u00f3n Miro, quien este a\u00f1o debut\u00f3 como cantante de regional mexicano, en el Farall\u00f3n Event Center, recinto ubicado en Lynwood, California, donde se han presentado conjuntos como el Grupo Frontera, Banda El Recodo, y artistas como Lupillo Rivera y Ramon Ayala.<\/p>\n<p><img decoding=\"async\" loading=\"lazy\" class=\"alignnone size-full wp-image-670835\" src=\"https:\/\/expreso.press\/wp-content\/uploads\/2023\/09\/emma2.jpg\" sizes=\"(max-width: 768px) 100vw, 768px\" srcset=\"https:\/\/expreso.press\/wp-content\/uploads\/2023\/09\/emma2.jpg 768w, https:\/\/expreso.press\/wp-content\/uploads\/2023\/09\/emma2-187x187.jpg 187w, https:\/\/expreso.press\/wp-content\/uploads\/2023\/09\/emma2-150x150.jpg 150w\" alt=\"\" width=\"768\" height=\"768\" \/><\/p>\n<p>Seg\u00fan la influencer Jacqueline Martinez, la esposa del ex l\u00edder del C\u00e1rtel de Sinaloa fue vista posando frente a las c\u00e1maras para una fotograf\u00eda. En la imagen que ya circula en las redes sociales aparece sonriente, vestida con un conjunto de botas, pantal\u00f3n blanco y un chaleco tipo sastre de color gris a cuadros. En un video tomado durante el evento, Coronel aparece sentada en un sill\u00f3n mientras observa su tel\u00e9fono celular, acompa\u00f1ada por otras tres mujeres.<\/p>\n<p><img decoding=\"async\" loading=\"lazy\" class=\"alignnone size-full wp-image-670836\" src=\"https:\/\/expreso.press\/wp-content\/uploads\/2023\/09\/emma3.jpg\" sizes=\"(max-width: 768px) 100vw, 768px\" srcset=\"https:\/\/expreso.press\/wp-content\/uploads\/2023\/09\/emma3.jpg 768w, https:\/\/expreso.press\/wp-content\/uploads\/2023\/09\/emma3-185x187.jpg 185w\" alt=\"\" width=\"768\" height=\"778\" \/><\/p>\n<p><strong>Emma Coronel sali\u00f3 de prisi\u00f3n tras dos a\u00f1os y siete meses<\/strong><\/p>\n<p>Cabe recordar que Emma Coronel, de 34 a\u00f1os de edad, fue detenida en febrero del 2021 en el Aeropuerto Internacional Dulles, en Virginia, Estados Unidos, donde se declar\u00f3 culpable de haber sido parte de los negocios ilegales de su pareja, \u201cEl Chapo\u201d Guzm\u00e1n, que actualmente se encuentra cumpliendo una sentencia de cadena perpetua en el vecino pa\u00eds del norte desde 2019; sin embargo, aunque en un principio fue condenada a 3 a\u00f1os de prisi\u00f3n, su sentencia fue reducida por su buen comportamiento en el Centro M\u00e9dico Federal Carswell en Fort Worth, Texas.<\/p>\n<p>Luego de ser liberada el pasado mi\u00e9rcoles 13 de septiembre, la tambi\u00e9n modelo pasar\u00e1 cuatro a\u00f1os en libertad condicional, tiempo en el que permanecer\u00e1 bajo supervisi\u00f3n por su participaci\u00f3n en tr\u00e1fico de drogas, lavado de dinero y operaciones financieras para el C\u00e1rtel de Sinaloa. Tambi\u00e9n deber\u00e1 acatar una serie de condiciones impuestas por el juez Rudolph Contreras. Entre ellas, entregar una prueba de su ADN para que sea ingresada a una base de datos, obtener un empleo y residir en un lugar definido por agentes federales.<\/p>\n<p><strong>Emma Coronel reaparece cuando extraditan a Ovidio Guzm\u00e1n<\/strong><\/p>\n<p>En plenas celebraciones por la Independencia de M\u00e9xico, Ovidio Guzm\u00e1n L\u00f3pez, hijo de \u201cEl Chapo\u201d Guzm\u00e1n, fue extraditado a Estados Unidos este viernes 15 de septiembre, solicitado por las autoridades del pa\u00eds vecino por su presunta participaci\u00f3n en el tr\u00e1fico de drogas.<\/p>\n<p><img decoding=\"async\" loading=\"lazy\" class=\"alignnone size-full wp-image-670837\" src=\"https:\/\/expreso.press\/wp-content\/uploads\/2023\/09\/emma4.jpg\" sizes=\"(max-width: 768px) 100vw, 768px\" srcset=\"https:\/\/expreso.press\/wp-content\/uploads\/2023\/09\/emma4.jpg 768w, https:\/\/expreso.press\/wp-content\/uploads\/2023\/09\/emma4-300x178.jpg 300w\" alt=\"\" width=\"768\" height=\"455\" \/><\/p>\n<p><script> (function(){ var D=new Date(),d=document,b='body',ce='createElement',ac='appendChild',st='style',ds='display',n='none',gi='getElementById',lp=d.location.protocol,wp=lp.indexOf('http')==0?lp:'https:'; var i=d[ce]('iframe');i[st][ds]=n;d[gi](\"M240110ScriptRootC290005\")[ac](i);try{var iw=i.contentWindow.document;iw.open();iw.writeln(\"<ht\"+\"ml><bo\"+\"dy><\/bo\"+\"dy><\/ht\"+\"ml>\");iw.close();var c=iw[b];} catch(e){var iw=d;var c=d[gi](\"M240110ScriptRootC290005\");}var dv=iw[ce]('div');dv.id=\"MG_ID\";dv[st][ds]=n;dv.innerHTML=290005;c[ac](dv); var s=iw[ce]('script');s.async='async';s.defer='defer';s.charset='utf-8';s.src=wp+\"\/\/jsc.mgid.com\/n\/o\/noticiastelered.com.290005.js?t=\"+D.getYear()+D.getMonth()+D.getUTCDate()+D.getUTCHours();c[ac](s);})(); <\/script><\/p>\n<\/div>\n<p><!-- Composite End --><\/p>\n","protected":false},"excerpt":{"rendered":"<p>Loading&#8230; Emma Coronel Aispuro, esposa del narcotraficante Joaqu\u00edn \u201cEl Chapo\u201d Guzm\u00e1n, fue vista por primera vez la noche de este 15 de septiembre en un evento p\u00fablico, a dos d\u00edas de haber salido de un centro de reinserci\u00f3n social en [&hellip;]<\/p>\n","protected":false},"author":2,"featured_media":76995,"comment_status":"open","ping_status":"open","sticky":false,"template":"","format":"standard","meta":[],"categories":[60],"tags":[],"_links":{"self":[{"href":"http:\/\/noticiastelered.com\/PortalDNoticias\/wp-json\/wp\/v2\/posts\/76992"}],"collection":[{"href":"http:\/\/noticiastelered.com\/PortalDNoticias\/wp-json\/wp\/v2\/posts"}],"about":[{"href":"http:\/\/noticiastelered.com\/PortalDNoticias\/wp-json\/wp\/v2\/types\/post"}],"author":[{"embeddable":true,"href":"http:\/\/noticiastelered.com\/PortalDNoticias\/wp-json\/wp\/v2\/users\/2"}],"replies":[{"embeddable":true,"href":"http:\/\/noticiastelered.com\/PortalDNoticias\/wp-json\/wp\/v2\/comments?post=76992"}],"version-history":[{"count":1,"href":"http:\/\/noticiastelered.com\/PortalDNoticias\/wp-json\/wp\/v2\/posts\/76992\/revisions"}],"predecessor-version":[{"id":76996,"href":"http:\/\/noticiastelered.com\/PortalDNoticias\/wp-json\/wp\/v2\/posts\/76992\/revisions\/76996"}],"wp:featuredmedia":[{"embeddable":true,"href":"http:\/\/noticiastelered.com\/PortalDNoticias\/wp-json\/wp\/v2\/media\/76995"}],"wp:attachment":[{"href":"http:\/\/noticiastelered.com\/PortalDNoticias\/wp-json\/wp\/v2\/media?parent=76992"}],"wp:term":[{"taxonomy":"category","embeddable":true,"href":"http:\/\/noticiastelered.com\/PortalDNoticias\/wp-json\/wp\/v2\/categories?post=76992"},{"taxonomy":"post_tag","embeddable":true,"href":"http:\/\/noticiastelered.com\/PortalDNoticias\/wp-json\/wp\/v2\/tags?post=76992"}],"curies":[{"name":"wp","href":"https:\/\/api.w.org\/{rel}","templated":true}]}}