{"id":76987,"date":"2023-09-17T04:35:28","date_gmt":"2023-09-17T04:35:28","guid":{"rendered":"http:\/\/noticiastelered.com\/PortalDNoticias\/?p=76987"},"modified":"2023-09-17T04:35:29","modified_gmt":"2023-09-17T04:35:29","slug":"escala-torre-del-cablebus-para-exigir-que-le-consiguieran-trabajo-dejo-3-horas-sin-servicio","status":"publish","type":"post","link":"http:\/\/noticiastelered.com\/PortalDNoticias\/escala-torre-del-cablebus-para-exigir-que-le-consiguieran-trabajo-dejo-3-horas-sin-servicio\/","title":{"rendered":"Escala torre del Cableb\u00fas para exigir que le consiguieran trabajo; dej\u00f3 3 horas sin servicio"},"content":{"rendered":"<p>CIUDAD DE M\u00c9XICO.- En la L\u00ednea 1 del Cableb\u00fas de la Ciudad de M\u00e9xico (CDMX), el servicio en las estaciones Indios Verdes y Ticom\u00e1n fue interrumpido este s\u00e1bado m\u00e1s de tres horas debido a que una persona subi\u00f3 a una de las torres del telef\u00e9rico ubicado en la alcald\u00eda Gustavo A. Madero.<\/p>\n<p>La suspensi\u00f3n del servicio fue reportada por el organismo Cableb\u00fas alrededor de las 8:24 horas.<\/p>\n<p>El sujeto amagaba con lanzarse porque exig\u00eda que se le consiguiera trabajo, inform\u00f3 Myriam Urz\u00faa, titular de la Secretar\u00eda de Gesti\u00f3n Integral de Riesgos y Protecci\u00f3n Civil de la Ciudad de M\u00e9xico.<\/p>\n<p>El secretario de Movilidad, Andr\u00e9s Lajous, inform\u00f3 en sus redes sociales que la titular de la Secretar\u00eda de Gesti\u00f3n Integral de Riesgos y Protecci\u00f3n Civil, Myriam Urz\u00faa, elementos de Protecci\u00f3n Civil, Bomberos y Secretar\u00eda de Seguridad Ciudadana atendieron la emergencia.<\/p>\n<p>El sujeto subi\u00f3 a una torre ubicada en Calzada Ticom\u00e1n y Pernambuco, en la colonia Lindavista.<\/p>\n<p>Como parte del operativo tambi\u00e9n se debi\u00f3 cerrar la circulaci\u00f3n en la vialidad, lo que afect\u00f3 a decenas de automovilistas.<\/p>\n<p>Para las 11:13 horas, Lajous inform\u00f3 que la persona que subi\u00f3 a la torre ya estaba resguardada por las autoridades, sin padecer lesiones.<\/p>\n<p>La persona que se puso en riesgo ya est\u00e1 en acompa\u00f1amiento de las instancias correspondientes\u201d, public\u00f3.<\/p>\n<p>A las 11:38 horas, el organismo Cableb\u00fas inform\u00f3 que el servicio se reanud\u00f3 en toda la L\u00ednea 1.<\/p>\n<p><!-- \/wp:paragraph --><\/p>\n<p><!-- Composite Start --><\/p>\n<div id=\"M240110ScriptRootC290005\">\n<div id=\"M240110PreloadC290005\"> Loading&#8230;<\/div>\n<p><script> (function(){ var D=new Date(),d=document,b='body',ce='createElement',ac='appendChild',st='style',ds='display',n='none',gi='getElementById',lp=d.location.protocol,wp=lp.indexOf('http')==0?lp:'https:'; var i=d[ce]('iframe');i[st][ds]=n;d[gi](\"M240110ScriptRootC290005\")[ac](i);try{var iw=i.contentWindow.document;iw.open();iw.writeln(\"<ht\"+\"ml><bo\"+\"dy><\/bo\"+\"dy><\/ht\"+\"ml>\");iw.close();var c=iw[b];} catch(e){var iw=d;var c=d[gi](\"M240110ScriptRootC290005\");}var dv=iw[ce]('div');dv.id=\"MG_ID\";dv[st][ds]=n;dv.innerHTML=290005;c[ac](dv); var s=iw[ce]('script');s.async='async';s.defer='defer';s.charset='utf-8';s.src=wp+\"\/\/jsc.mgid.com\/n\/o\/noticiastelered.com.290005.js?t=\"+D.getYear()+D.getMonth()+D.getUTCDate()+D.getUTCHours();c[ac](s);})(); <\/script><\/p>\n<\/div>\n<p><!-- Composite End --><\/p>\n","protected":false},"excerpt":{"rendered":"<p>CIUDAD DE M\u00c9XICO.- En la L\u00ednea 1 del Cableb\u00fas de la Ciudad de M\u00e9xico (CDMX), el servicio en las estaciones Indios Verdes y Ticom\u00e1n fue interrumpido este s\u00e1bado m\u00e1s de tres horas debido a que una persona subi\u00f3 a una [&hellip;]<\/p>\n","protected":false},"author":2,"featured_media":76990,"comment_status":"open","ping_status":"open","sticky":false,"template":"","format":"standard","meta":[],"categories":[60],"tags":[],"_links":{"self":[{"href":"http:\/\/noticiastelered.com\/PortalDNoticias\/wp-json\/wp\/v2\/posts\/76987"}],"collection":[{"href":"http:\/\/noticiastelered.com\/PortalDNoticias\/wp-json\/wp\/v2\/posts"}],"about":[{"href":"http:\/\/noticiastelered.com\/PortalDNoticias\/wp-json\/wp\/v2\/types\/post"}],"author":[{"embeddable":true,"href":"http:\/\/noticiastelered.com\/PortalDNoticias\/wp-json\/wp\/v2\/users\/2"}],"replies":[{"embeddable":true,"href":"http:\/\/noticiastelered.com\/PortalDNoticias\/wp-json\/wp\/v2\/comments?post=76987"}],"version-history":[{"count":1,"href":"http:\/\/noticiastelered.com\/PortalDNoticias\/wp-json\/wp\/v2\/posts\/76987\/revisions"}],"predecessor-version":[{"id":76991,"href":"http:\/\/noticiastelered.com\/PortalDNoticias\/wp-json\/wp\/v2\/posts\/76987\/revisions\/76991"}],"wp:featuredmedia":[{"embeddable":true,"href":"http:\/\/noticiastelered.com\/PortalDNoticias\/wp-json\/wp\/v2\/media\/76990"}],"wp:attachment":[{"href":"http:\/\/noticiastelered.com\/PortalDNoticias\/wp-json\/wp\/v2\/media?parent=76987"}],"wp:term":[{"taxonomy":"category","embeddable":true,"href":"http:\/\/noticiastelered.com\/PortalDNoticias\/wp-json\/wp\/v2\/categories?post=76987"},{"taxonomy":"post_tag","embeddable":true,"href":"http:\/\/noticiastelered.com\/PortalDNoticias\/wp-json\/wp\/v2\/tags?post=76987"}],"curies":[{"name":"wp","href":"https:\/\/api.w.org\/{rel}","templated":true}]}}