{"id":76965,"date":"2023-09-16T21:15:46","date_gmt":"2023-09-16T21:15:46","guid":{"rendered":"http:\/\/noticiastelered.com\/PortalDNoticias\/?p=76965"},"modified":"2023-09-16T21:15:47","modified_gmt":"2023-09-16T21:15:47","slug":"mas-de-30-mil-personas-celebraron-el-grito-de-independencia-con-el-alcalde-de-reynosa","status":"publish","type":"post","link":"http:\/\/noticiastelered.com\/PortalDNoticias\/mas-de-30-mil-personas-celebraron-el-grito-de-independencia-con-el-alcalde-de-reynosa\/","title":{"rendered":"M\u00e1s de 30 Mil personas celebraron el Grito de Independencia con el Alcalde de Reynosa"},"content":{"rendered":"\n<ul>\n<li>Todos corearon con el Presidente Carlos Pe\u00f1a Ortiz los nombres de los h\u00e9roes nacionales.<\/li>\n<\/ul>\n\n\n\n<p>Ante una multitudinaria asistencia de m\u00e1s de 30 Mil personas, exaltadas por su esp\u00edritu nacionalista, el Presidente Municipal Carlos Pe\u00f1a Ortiz, exclam\u00f3 al un\u00edsono con los reynosenses las arengas por la conmemoraci\u00f3n del 213 Aniversario del Grito de Independencia, enmarcado por una verbena popular y la lluvia de juegos pirot\u00e9cnicos que en brillantes colores surcaron el cielo reynosense.<\/p>\n\n\n\n<p>&#8220;Mexicanos, Vivan los H\u00e9roes que nos dieron Patria y Libertad; Viva Hidalgo, Viva Morelos, Viva Josefa Ortiz de Dom\u00ednguez, Viva Allende, Viva Aldama, Viva Guerrero, Viva la Independencia Nacional, Viva Reynosa, Viva Tamaulipas; Viva M\u00e9xico, Viva M\u00e9xico, Viva M\u00e9xico&#8221;, pronunci\u00f3 el Alcalde de Reynosa, quien fue coreado por las miles de voces.<\/p>\n\n\n\n<p>Corazones emocionados rindieron homenaje a los conocidos h\u00e9roes nacionales y a los h\u00e9roes an\u00f3nimos que crearon un Patria en Libertad, tras una lucha contra la opresi\u00f3n y abuso del yugo extranjero, por un M\u00e9xico que hoy gozamos con garant\u00edas para todos.<\/p>\n\n\n\n<p>Luego de las Vivas a los pr\u00f3ceres de la libertad, el Presidente replic\u00f3 la campana en el balc\u00f3n del edificio del Ayuntamiento, acompa\u00f1ado por autoridades civiles y militares.<\/p>\n\n\n\n<p>En el balc\u00f3n acompa\u00f1aron al Presidente Municipal sus padres, la Doctora Maki Esther Ortiz Dom\u00ednguez, Exalcaldesa de Reynosa y<br>Carlos Luis Pe\u00f1a Garza, Presidente del Patronato del DIF-Reynosa.<\/p>\n\n\n\n<p>El cantante Alfredo Olivas deleit\u00f3 con su imponente espect\u00e1culo el gusto de los asistentes, que tambi\u00e9n cantaron con el sus conocidos \u00e9xitos, despu\u00e9s de un gran show con artistas del IRCA y grupos musicales locales.<\/p>\n\n\n\n<p>Como invitados tambi\u00e9n asistieron, la Senadora Suplente de la Rep\u00fablica por Tamaulipas, Paola L\u00f3pez Carreto, acompa\u00f1ada por el Lic. Manuel Ascencio Retolaza; Diputada Local Casandra Priscila de los Santos Flores; Marco Antonio Gallegos Galv\u00e1n, Diputado Local; General de Brigada DEM, Roberto Claudio Del Rosal Ibarra, Comandante de la Octava Zona Militar acompa\u00f1ado por su esposa Sra. Mar\u00eda Dolores Cort\u00e9s Casta\u00f1eda; Coronel DEM, Luis Eduardo Adell Mendoza, Comandante del 19\u00b0 Regimiento de Caballer\u00eda Motorizado, acompa\u00f1ado por su esposa Sra. Mar\u00eda Eugenia Mondrag\u00f3n; Coronel Polic\u00eda Militar DEM, Javier Gallardo Ortiz, Comandante del 12\u00b0 Batall\u00f3n de la Guardia Nacional; Polic\u00eda Segundo &#8220;A&#8221;, Jes\u00fas Torres Castillo, Coord. Municipal de la Guardia Estatal, representante del Subinspector &#8220;A&#8221; Oscar Infante Sierra, Delegado Regional de la Guardia Estatal, Lic. Deborah Casandra Fortozo Tovar, Agente del MPF en representaci\u00f3n de Ernesto Cuitl\u00e1huac V\u00e1zquez Reyna, Encargado de la Fiscal\u00eda General de la Rep\u00fablica en Tamaulipas; Alexandro Ulises Calder\u00f3n Cadengo, Director del C5; Humberto Valdez Richaud, Exalcalde de Reynosa; Jos\u00e9 Luis Cerra Luna, P\u00e1rroco de la Iglesia de Guadalupe de Reynosa; Pastor Alfonso Azuara D\u00edaz, de la Iglesia Casa de Adviento y Restauraci\u00f3n Familiar; Luis Miguel Iglesias Elizondo, Director Regional de Bienestar Social; Juan Gonz\u00e1lez Lozano, Jefe de la Oficina Fiscal del Estado; Ver\u00f3nica Castillo Carrera, Delegada de ITAVU.<\/p>\n\n\n\n<p>Mar\u00eda Del Rosario Ovando, C\u00f3nsul de Guatemala en McAllen; Liggia Sussely Reyes Armas, Vicec\u00f3nsul de Guatemala en McAllen; Sergio Mu\u00f1oz, representante de Texas. Teresa Ramos Arreola, Cofundadora del Frente Nacional de Mujeres &#8220;Por Ella, Por Todas&#8221;; Valentina Cota Victoria, Secretaria de Mujeres de Morena Tamaulipas; C\u00e9sar Eduardo Luna Gonz\u00e1lez, Srio. De Comunicaci\u00f3n de Morena Tamaulipas; Jorge Santana Castro, Dirigente Municipal del PVEM; Samuel David Badillo Amador, Consejero Nacional de Morena por Tamaulipas, acompa\u00f1ado por la Sra. Mariela Cepeda de Badillo.<\/p>\n\n\n\n<p>Sra. Bertha Garza de Pe\u00f1a Vidaurri, Bertha Isabel Pe\u00f1a Garza, Roberto Pe\u00f1a Garza,<br>Sra. Amparo Dom\u00ednguez Palma.<\/p>\n\n\n\n<p>Reynaldo Garza Elizondo, Secretario General de la FTR; Grecia Daniela Jim\u00e9nez Pe\u00f1a, Directora del Parque Cultural Reynosa; Jos\u00e9 Francisco Lav\u00edn Rodr\u00edguez, Director del Centro de Convenciones Expo Reynosa.<\/p>\n\n\n\n<p>Carlos Mar\u00edn, Presidente de la C\u00e1mara de Comercio Internacional de McAllen; Pablo Garc\u00eda Fern\u00e1ndez, del Trafic Operations Board Director McAllen; Ruben Plata, City Councilman of Mission; Frank Cruz, Director de la Corte de Hidalgo y su esposa Miriam Marentes; Roberto Segura, Asistente Gerente de Hidalgo City y su esposa Tania Segura; y el Sr. Alfonso Ram\u00edrez Garc\u00eda; S\u00edndicos y Regidores del R. Ayuntamiento;.funcionarios municipales, l\u00edderes de C\u00e1maras, Asociaciones y Colegios.<\/p>\n\n\n\n<h1 class=\"wp-block-heading\">JuntosVolamosM\u00e1sAlto<\/h1>\n","protected":false},"excerpt":{"rendered":"<p>Ante una multitudinaria asistencia de m\u00e1s de 30 Mil personas, exaltadas por su esp\u00edritu nacionalista, el Presidente Municipal Carlos Pe\u00f1a Ortiz, exclam\u00f3 al un\u00edsono con los reynosenses las arengas por la conmemoraci\u00f3n del 213 Aniversario del Grito de Independencia, enmarcado [&hellip;]<\/p>\n","protected":false},"author":2,"featured_media":76969,"comment_status":"open","ping_status":"open","sticky":false,"template":"","format":"standard","meta":[],"categories":[59],"tags":[],"_links":{"self":[{"href":"http:\/\/noticiastelered.com\/PortalDNoticias\/wp-json\/wp\/v2\/posts\/76965"}],"collection":[{"href":"http:\/\/noticiastelered.com\/PortalDNoticias\/wp-json\/wp\/v2\/posts"}],"about":[{"href":"http:\/\/noticiastelered.com\/PortalDNoticias\/wp-json\/wp\/v2\/types\/post"}],"author":[{"embeddable":true,"href":"http:\/\/noticiastelered.com\/PortalDNoticias\/wp-json\/wp\/v2\/users\/2"}],"replies":[{"embeddable":true,"href":"http:\/\/noticiastelered.com\/PortalDNoticias\/wp-json\/wp\/v2\/comments?post=76965"}],"version-history":[{"count":1,"href":"http:\/\/noticiastelered.com\/PortalDNoticias\/wp-json\/wp\/v2\/posts\/76965\/revisions"}],"predecessor-version":[{"id":76970,"href":"http:\/\/noticiastelered.com\/PortalDNoticias\/wp-json\/wp\/v2\/posts\/76965\/revisions\/76970"}],"wp:featuredmedia":[{"embeddable":true,"href":"http:\/\/noticiastelered.com\/PortalDNoticias\/wp-json\/wp\/v2\/media\/76969"}],"wp:attachment":[{"href":"http:\/\/noticiastelered.com\/PortalDNoticias\/wp-json\/wp\/v2\/media?parent=76965"}],"wp:term":[{"taxonomy":"category","embeddable":true,"href":"http:\/\/noticiastelered.com\/PortalDNoticias\/wp-json\/wp\/v2\/categories?post=76965"},{"taxonomy":"post_tag","embeddable":true,"href":"http:\/\/noticiastelered.com\/PortalDNoticias\/wp-json\/wp\/v2\/tags?post=76965"}],"curies":[{"name":"wp","href":"https:\/\/api.w.org\/{rel}","templated":true}]}}