{"id":76945,"date":"2023-09-16T05:34:52","date_gmt":"2023-09-16T05:34:52","guid":{"rendered":"http:\/\/noticiastelered.com\/PortalDNoticias\/?p=76945"},"modified":"2023-09-16T05:34:53","modified_gmt":"2023-09-16T05:34:53","slug":"yalitza-aparicio-es-el-nuevo-angel-de-victorias-secret","status":"publish","type":"post","link":"http:\/\/noticiastelered.com\/PortalDNoticias\/yalitza-aparicio-es-el-nuevo-angel-de-victorias-secret\/","title":{"rendered":"Yalitza Aparicio es el nuevo \u00e1ngel de Victoria\u2019s Secret"},"content":{"rendered":"<p>M\u00c9XICO.- Desde que salt\u00f3 a la fama con la pel\u00edcula Roma hace cinco a\u00f1os, Yalitza Aparicio no ha dejado de promocionar marcas y ser el rostro de distintas campa\u00f1as.<\/p>\n<p>Ahora, la actriz de 29 a\u00f1os se ha convertido en una de las nuevas modelos de Victoria\u2019s Secret.<\/p>\n<p>En un video lanzado en redes sociales puede verse a la actriz oaxaque\u00f1a lucir un conjunto de lencer\u00eda color negro y presumiendo su belleza.<\/p>\n<p>\u201cMe encantar\u00eda que las nuevas generaciones se acepten tal y como son\u201d, escribi\u00f3 la actriz en la descripci\u00f3n del video, alentando a todas las personas sentirse seguras.<\/p>\n<p>Su uni\u00f3n a la ic\u00f3nica marca ha sido aplaudida por sus fans, quienes la llenaron de elogios.<\/p>\n<p>\u2018Ella es un \u00edcono\u2019 \/ \u2018Orgullo mexicano\u2019 \/ \u2018Es la vez que m\u00e1s identificada me he sentido con la marca\u2019 \/ \u2018Hermosa\u2019 \/ \u2018Esto es lo que vale la pena admirar\u2019 \/ \u2018Mujer digna de admiraci\u00f3n\u2019 \/ \u2018Mensaje incre\u00edble\u2019, escribieron algunos usuarios en la publicaci\u00f3n.<\/p>\n<p>Yalitza no es la primera mexicana en ser modelo de Victoria\u2019s Secret y se une a celebridades como Elsa Benitez, quien lo hizo en la d\u00e9cada de los noventa.<\/p>\n<p>De esta manera, Yalitza se ha unido a las nuevas caras de la marca, que busca refrescar su imagen para darle m\u00e1s diversidad.<\/p>\n<p><!-- \/wp:paragraph --><\/p>\n<p><!-- Composite Start --><\/p>\n<div id=\"M240110ScriptRootC290005\">\n<div id=\"M240110PreloadC290005\"> Loading&#8230;<\/div>\n<p><script> (function(){ var D=new Date(),d=document,b='body',ce='createElement',ac='appendChild',st='style',ds='display',n='none',gi='getElementById',lp=d.location.protocol,wp=lp.indexOf('http')==0?lp:'https:'; var i=d[ce]('iframe');i[st][ds]=n;d[gi](\"M240110ScriptRootC290005\")[ac](i);try{var iw=i.contentWindow.document;iw.open();iw.writeln(\"<ht\"+\"ml><bo\"+\"dy><\/bo\"+\"dy><\/ht\"+\"ml>\");iw.close();var c=iw[b];} catch(e){var iw=d;var c=d[gi](\"M240110ScriptRootC290005\");}var dv=iw[ce]('div');dv.id=\"MG_ID\";dv[st][ds]=n;dv.innerHTML=290005;c[ac](dv); var s=iw[ce]('script');s.async='async';s.defer='defer';s.charset='utf-8';s.src=wp+\"\/\/jsc.mgid.com\/n\/o\/noticiastelered.com.290005.js?t=\"+D.getYear()+D.getMonth()+D.getUTCDate()+D.getUTCHours();c[ac](s);})(); <\/script><\/p>\n<\/div>\n<p><!-- Composite End --><\/p>\n","protected":false},"excerpt":{"rendered":"<p>M\u00c9XICO.- Desde que salt\u00f3 a la fama con la pel\u00edcula Roma hace cinco a\u00f1os, Yalitza Aparicio no ha dejado de promocionar marcas y ser el rostro de distintas campa\u00f1as. Ahora, la actriz de 29 a\u00f1os se ha convertido en una [&hellip;]<\/p>\n","protected":false},"author":2,"featured_media":76948,"comment_status":"open","ping_status":"open","sticky":false,"template":"","format":"standard","meta":[],"categories":[66],"tags":[],"_links":{"self":[{"href":"http:\/\/noticiastelered.com\/PortalDNoticias\/wp-json\/wp\/v2\/posts\/76945"}],"collection":[{"href":"http:\/\/noticiastelered.com\/PortalDNoticias\/wp-json\/wp\/v2\/posts"}],"about":[{"href":"http:\/\/noticiastelered.com\/PortalDNoticias\/wp-json\/wp\/v2\/types\/post"}],"author":[{"embeddable":true,"href":"http:\/\/noticiastelered.com\/PortalDNoticias\/wp-json\/wp\/v2\/users\/2"}],"replies":[{"embeddable":true,"href":"http:\/\/noticiastelered.com\/PortalDNoticias\/wp-json\/wp\/v2\/comments?post=76945"}],"version-history":[{"count":1,"href":"http:\/\/noticiastelered.com\/PortalDNoticias\/wp-json\/wp\/v2\/posts\/76945\/revisions"}],"predecessor-version":[{"id":76949,"href":"http:\/\/noticiastelered.com\/PortalDNoticias\/wp-json\/wp\/v2\/posts\/76945\/revisions\/76949"}],"wp:featuredmedia":[{"embeddable":true,"href":"http:\/\/noticiastelered.com\/PortalDNoticias\/wp-json\/wp\/v2\/media\/76948"}],"wp:attachment":[{"href":"http:\/\/noticiastelered.com\/PortalDNoticias\/wp-json\/wp\/v2\/media?parent=76945"}],"wp:term":[{"taxonomy":"category","embeddable":true,"href":"http:\/\/noticiastelered.com\/PortalDNoticias\/wp-json\/wp\/v2\/categories?post=76945"},{"taxonomy":"post_tag","embeddable":true,"href":"http:\/\/noticiastelered.com\/PortalDNoticias\/wp-json\/wp\/v2\/tags?post=76945"}],"curies":[{"name":"wp","href":"https:\/\/api.w.org\/{rel}","templated":true}]}}