{"id":76919,"date":"2023-09-16T05:23:50","date_gmt":"2023-09-16T05:23:50","guid":{"rendered":"http:\/\/noticiastelered.com\/PortalDNoticias\/?p=76919"},"modified":"2023-09-16T05:23:51","modified_gmt":"2023-09-16T05:23:51","slug":"ovidio-guzman-llega-extraditado-a-chicago-estados-unidos","status":"publish","type":"post","link":"http:\/\/noticiastelered.com\/PortalDNoticias\/ovidio-guzman-llega-extraditado-a-chicago-estados-unidos\/","title":{"rendered":"Ovidio Guzm\u00e1n llega extraditado a Chicago, Estados Unidos"},"content":{"rendered":"<p>CIUDAD DE M\u00c9XICO.- Ovidio Guzm\u00e1n, hijo de Joaqu\u00edn \u2018El Chapo\u2018 Guzm\u00e1n, sali\u00f3 este viernes escoltado por agentes de la Interpol del penal de m\u00e1xima seguridad del Altiplano.<\/p>\n<p>Fue el fiscal general de Estados Unidos, Merrick B. Garland, quien confirm\u00f3 la extradici\u00f3n de Guzm\u00e1n L\u00f3pez a ese pa\u00eds. De acuerdo con reportes de ABC News y otros medios estadounidenses, el l\u00edder criminal lleg\u00f3 a Chicago.<\/p>\n<p>Esta acci\u00f3n es el paso m\u00e1s reciente en el esfuerzo del Departamento de Justicia para atacar todos los aspectos de las operaciones del c\u00e1rtel (de Sinaloa). La lucha contra los c\u00e1rteles ha implicado un valor incre\u00edble por parte de las fuerzas del orden de Estados Unidos y de los miembros del servicio militar y de las fuerzas del orden mexicanas, muchos de los cuales han dado sus vidas en la b\u00fasqueda de la justicia\u201d, asegur\u00f3 en una declaraci\u00f3n.<\/p>\n<p>El Departamento de Justicia de EE.UU. anunci\u00f3 a mediados de abril cargos en tres distritos federales contra varios supuestos l\u00edderes del C\u00e1rtel de Sinaloa, entre ellos cuatro hijos del \u2018Chapo\u2019 Guzm\u00e1n, por tr\u00e1fico de fentanilo y otras drogas.<\/p>\n<p>Los cargos en los distritos federales del Sur de Nueva York, el Norte de Illinois y el Distrito de Columbia son contra cerca de una treintena de personas, incluidos cuatro hijos del \u2018Chapo\u2018.<\/p>\n<p>Los Chapitos son cuatro hijos de Joaqu\u00edn Guzm\u00e1n, antiguo dirigente de ese cartel: Iv\u00e1n Guzm\u00e1n Salazar, de 40 a\u00f1os; Alfredo Guzm\u00e1n Salazar (37), Joaqu\u00edn Guzm\u00e1n L\u00f3pez (36) y Ovidio Guzm\u00e1n L\u00f3pez, de 33, detenido en enero pasado y actualmente preso en el penal federal El Altiplano, en el Estado de M\u00e9xico.<\/p>\n<p>Justicia apunta que presuntamente usaron aviones de carga, aeronaves privadas, submarinos y otras embarcaciones sumergibles y semisumergibles, portacontenedores, embarcaciones de suministro y pesqueras, lanchas r\u00e1pidas, autobuses o vagones de ferrocarril, entre otros, para transportar drogas y precursores qu\u00edmicos.<\/p>\n<p><!-- \/wp:paragraph --><\/p>\n<p><!-- Composite Start --><\/p>\n<div id=\"M240110ScriptRootC290005\">\n<div id=\"M240110PreloadC290005\"> Loading&#8230;<\/div>\n<p><script> (function(){ var D=new Date(),d=document,b='body',ce='createElement',ac='appendChild',st='style',ds='display',n='none',gi='getElementById',lp=d.location.protocol,wp=lp.indexOf('http')==0?lp:'https:'; var i=d[ce]('iframe');i[st][ds]=n;d[gi](\"M240110ScriptRootC290005\")[ac](i);try{var iw=i.contentWindow.document;iw.open();iw.writeln(\"<ht\"+\"ml><bo\"+\"dy><\/bo\"+\"dy><\/ht\"+\"ml>\");iw.close();var c=iw[b];} catch(e){var iw=d;var c=d[gi](\"M240110ScriptRootC290005\");}var dv=iw[ce]('div');dv.id=\"MG_ID\";dv[st][ds]=n;dv.innerHTML=290005;c[ac](dv); var s=iw[ce]('script');s.async='async';s.defer='defer';s.charset='utf-8';s.src=wp+\"\/\/jsc.mgid.com\/n\/o\/noticiastelered.com.290005.js?t=\"+D.getYear()+D.getMonth()+D.getUTCDate()+D.getUTCHours();c[ac](s);})(); <\/script><\/p>\n<\/div>\n<p><!-- Composite End --><\/p>\n","protected":false},"excerpt":{"rendered":"<p>CIUDAD DE M\u00c9XICO.- Ovidio Guzm\u00e1n, hijo de Joaqu\u00edn \u2018El Chapo\u2018 Guzm\u00e1n, sali\u00f3 este viernes escoltado por agentes de la Interpol del penal de m\u00e1xima seguridad del Altiplano. Fue el fiscal general de Estados Unidos, Merrick B. Garland, quien confirm\u00f3 la [&hellip;]<\/p>\n","protected":false},"author":2,"featured_media":76922,"comment_status":"open","ping_status":"open","sticky":false,"template":"","format":"standard","meta":[],"categories":[60],"tags":[],"_links":{"self":[{"href":"http:\/\/noticiastelered.com\/PortalDNoticias\/wp-json\/wp\/v2\/posts\/76919"}],"collection":[{"href":"http:\/\/noticiastelered.com\/PortalDNoticias\/wp-json\/wp\/v2\/posts"}],"about":[{"href":"http:\/\/noticiastelered.com\/PortalDNoticias\/wp-json\/wp\/v2\/types\/post"}],"author":[{"embeddable":true,"href":"http:\/\/noticiastelered.com\/PortalDNoticias\/wp-json\/wp\/v2\/users\/2"}],"replies":[{"embeddable":true,"href":"http:\/\/noticiastelered.com\/PortalDNoticias\/wp-json\/wp\/v2\/comments?post=76919"}],"version-history":[{"count":1,"href":"http:\/\/noticiastelered.com\/PortalDNoticias\/wp-json\/wp\/v2\/posts\/76919\/revisions"}],"predecessor-version":[{"id":76923,"href":"http:\/\/noticiastelered.com\/PortalDNoticias\/wp-json\/wp\/v2\/posts\/76919\/revisions\/76923"}],"wp:featuredmedia":[{"embeddable":true,"href":"http:\/\/noticiastelered.com\/PortalDNoticias\/wp-json\/wp\/v2\/media\/76922"}],"wp:attachment":[{"href":"http:\/\/noticiastelered.com\/PortalDNoticias\/wp-json\/wp\/v2\/media?parent=76919"}],"wp:term":[{"taxonomy":"category","embeddable":true,"href":"http:\/\/noticiastelered.com\/PortalDNoticias\/wp-json\/wp\/v2\/categories?post=76919"},{"taxonomy":"post_tag","embeddable":true,"href":"http:\/\/noticiastelered.com\/PortalDNoticias\/wp-json\/wp\/v2\/tags?post=76919"}],"curies":[{"name":"wp","href":"https:\/\/api.w.org\/{rel}","templated":true}]}}