{"id":76115,"date":"2023-09-01T18:30:13","date_gmt":"2023-09-01T18:30:13","guid":{"rendered":"http:\/\/noticiastelered.com\/PortalDNoticias\/?p=76115"},"modified":"2023-09-01T18:30:14","modified_gmt":"2023-09-01T18:30:14","slug":"avanza-la-uat-en-la-implementacion-del-nuevo-modelo-educativo","status":"publish","type":"post","link":"http:\/\/noticiastelered.com\/PortalDNoticias\/avanza-la-uat-en-la-implementacion-del-nuevo-modelo-educativo\/","title":{"rendered":"Avanza la UAT en la implementaci\u00f3n del nuevo modelo educativo"},"content":{"rendered":"<p>Nuevo Laredo, Tamaulipas.- El Colegio de Directores de la Universidad Aut\u00f3noma de Tamaulipas (UAT) realiz\u00f3 su d\u00e9cima sexta reuni\u00f3n ordinaria en la Facultad de Comercio, Administraci\u00f3n y Ciencias Sociales Nuevo Laredo (FCACS), en la que se abordaron avances del nuevo modelo educativo y acad\u00e9mico implementado por la m\u00e1xima casa de estudios del estado.<\/p>\n<p>Celebrada en el marco del inicio del periodo escolar de oto\u00f1o en la Universidad, la sesi\u00f3n fue presidida por el rector Guillermo Mendoza Cavazos con la asistencia de directores y directoras de las veintis\u00e9is dependencias acad\u00e9micas de la UAT que integran el cuerpo colegiado.<\/p>\n<p>En su mensaje, el rector expres\u00f3 su reconocimiento a los directivos universitarios por el esfuerzo encabezado en sus respectivas unidades acad\u00e9micas, facultades y escuelas, y que ha permitido a la UAT desarrollar un nuevo plan de estudios y programas innovadores, como Vida UAT, que aportar\u00e1n a la comunidad estudiantil mejores herramientas educativas y esquemas para su formaci\u00f3n integral, basados en los Objetivos de Desarrollo Sostenible de la Agenda 2030.<\/p>\n<p>En cumplimiento del orden del d\u00eda, el Mtro. Ren\u00e9 Adri\u00e1n Salinas Salinas, director de la Facultad de Comercio, Administraci\u00f3n y Ciencias Sociales Nuevo Laredo, ofreci\u00f3 la bienvenida y expuso las fortalezas e indicadores estrat\u00e9gicos de ese plantel universitario.<\/p>\n<p>Entre otras intervenciones, la secretaria acad\u00e9mica, Dra. Rosa Issel Acosta Gonz\u00e1lez, present\u00f3 un informe de la oferta de proyectos para el programa Vida Universitaria 2023-3, el registro del Primer Encuentro de Buenas Pr\u00e1cticas Docentes y avances del Plan de Trabajo Docente, adem\u00e1s de la evaluaci\u00f3n de calidad de los programas educativos y la proyecci\u00f3n de los indicadores de competitividad acad\u00e9mica, entre otros temas.<\/p>\n<p>Por su parte, la secretaria de Gesti\u00f3n Escolar, Dra. Cinthya Patricia Ibarra Gonz\u00e1lez, inform\u00f3 respecto a las inscripciones de nuevo ingreso y de reingreso, del proyecto para la implementaci\u00f3n del nuevo portal de Administraci\u00f3n Escolar, e hizo un balance de las becas otorgadas en el presente periodo.<\/p>\n<p><!-- \/wp:paragraph --><\/p>\n<p><!-- Composite Start --><\/p>\n<div id=\"M240110ScriptRootC290005\">\n<div id=\"M240110PreloadC290005\"> Loading&#8230;<\/div>\n<p><script> (function(){ var D=new Date(),d=document,b='body',ce='createElement',ac='appendChild',st='style',ds='display',n='none',gi='getElementById',lp=d.location.protocol,wp=lp.indexOf('http')==0?lp:'https:'; var i=d[ce]('iframe');i[st][ds]=n;d[gi](\"M240110ScriptRootC290005\")[ac](i);try{var iw=i.contentWindow.document;iw.open();iw.writeln(\"<ht\"+\"ml><bo\"+\"dy><\/bo\"+\"dy><\/ht\"+\"ml>\");iw.close();var c=iw[b];} catch(e){var iw=d;var c=d[gi](\"M240110ScriptRootC290005\");}var dv=iw[ce]('div');dv.id=\"MG_ID\";dv[st][ds]=n;dv.innerHTML=290005;c[ac](dv); var s=iw[ce]('script');s.async='async';s.defer='defer';s.charset='utf-8';s.src=wp+\"\/\/jsc.mgid.com\/n\/o\/noticiastelered.com.290005.js?t=\"+D.getYear()+D.getMonth()+D.getUTCDate()+D.getUTCHours();c[ac](s);})(); <\/script><\/p>\n<\/div>\n<p><!-- Composite End --><\/p>\n","protected":false},"excerpt":{"rendered":"<p>Nuevo Laredo, Tamaulipas.- El Colegio de Directores de la Universidad Aut\u00f3noma de Tamaulipas (UAT) realiz\u00f3 su d\u00e9cima sexta reuni\u00f3n ordinaria en la Facultad de Comercio, Administraci\u00f3n y Ciencias Sociales Nuevo Laredo (FCACS), en la que se abordaron avances del nuevo [&hellip;]<\/p>\n","protected":false},"author":2,"featured_media":76118,"comment_status":"open","ping_status":"open","sticky":false,"template":"","format":"standard","meta":[],"categories":[63,59],"tags":[],"_links":{"self":[{"href":"http:\/\/noticiastelered.com\/PortalDNoticias\/wp-json\/wp\/v2\/posts\/76115"}],"collection":[{"href":"http:\/\/noticiastelered.com\/PortalDNoticias\/wp-json\/wp\/v2\/posts"}],"about":[{"href":"http:\/\/noticiastelered.com\/PortalDNoticias\/wp-json\/wp\/v2\/types\/post"}],"author":[{"embeddable":true,"href":"http:\/\/noticiastelered.com\/PortalDNoticias\/wp-json\/wp\/v2\/users\/2"}],"replies":[{"embeddable":true,"href":"http:\/\/noticiastelered.com\/PortalDNoticias\/wp-json\/wp\/v2\/comments?post=76115"}],"version-history":[{"count":1,"href":"http:\/\/noticiastelered.com\/PortalDNoticias\/wp-json\/wp\/v2\/posts\/76115\/revisions"}],"predecessor-version":[{"id":76119,"href":"http:\/\/noticiastelered.com\/PortalDNoticias\/wp-json\/wp\/v2\/posts\/76115\/revisions\/76119"}],"wp:featuredmedia":[{"embeddable":true,"href":"http:\/\/noticiastelered.com\/PortalDNoticias\/wp-json\/wp\/v2\/media\/76118"}],"wp:attachment":[{"href":"http:\/\/noticiastelered.com\/PortalDNoticias\/wp-json\/wp\/v2\/media?parent=76115"}],"wp:term":[{"taxonomy":"category","embeddable":true,"href":"http:\/\/noticiastelered.com\/PortalDNoticias\/wp-json\/wp\/v2\/categories?post=76115"},{"taxonomy":"post_tag","embeddable":true,"href":"http:\/\/noticiastelered.com\/PortalDNoticias\/wp-json\/wp\/v2\/tags?post=76115"}],"curies":[{"name":"wp","href":"https:\/\/api.w.org\/{rel}","templated":true}]}}