{"id":76105,"date":"2023-08-29T18:23:39","date_gmt":"2023-08-29T18:23:39","guid":{"rendered":"http:\/\/noticiastelered.com\/PortalDNoticias\/?p=76105"},"modified":"2023-09-04T21:46:33","modified_gmt":"2023-09-04T21:46:33","slug":"fortalece-gobierno-del-estado-acciones-para-impulsar-oportunidades-laborales-con-feria-del-empleo","status":"publish","type":"post","link":"http:\/\/noticiastelered.com\/PortalDNoticias\/fortalece-gobierno-del-estado-acciones-para-impulsar-oportunidades-laborales-con-feria-del-empleo\/","title":{"rendered":"FORTALECE GOBIERNO DEL ESTADO ACCIONES PARA IMPULSAR OPORTUNIDADES LABORALES CON FERIA DEL EMPLEO"},"content":{"rendered":"\n<p>En una suma de esfuerzos el Gobierno de Tamaulipas y la Secretar\u00eda del Trabajo, llevaron a cabo la Feria del Empleo Nuevo Laredo 2023 en la que los ciudadanos tuvieron la oportunidad de encontrar una opci\u00f3n laboral.<\/p>\n\n\n\n<p>La feria se llev\u00f3 a cabo en el Centro C\u00edvico \u201cCarlos Cant\u00fa Rosas\u201d, ah\u00ed Olga Patricia Sosa Ru\u00edz, secretaria del Trabajo y Previsi\u00f3n Social del Gobierno del Estado junto a la alcaldesa Carmen Lilia Canturosas Villarreal,&nbsp; inauguraron este evento que reuni\u00f3 a m\u00e1s de 100 empresas para ofertar sus vacantes.<\/p>\n\n\n\n<p>La titular de la dependencia estatal dijo que a trav\u00e9s del Servicio Nacional de Empleo con este evento se logra una vinculaci\u00f3n entre empresas y solicitantes de trabajo para fortalecer el buen momento que vive Nuevo Laredo en desarrollo econ\u00f3mico.<\/p>\n\n\n\n<p>\u201cPara nosotros el impulso a la creaci\u00f3n de nuevos y mejores empleos en todos los programas de gobierno es prioridad, buscamos en los hechos mejorar el bienestar de los trabajadores y trabajadoras\u201d, mencion\u00f3 Sosa Ruiz.&nbsp;&nbsp;<\/p>\n\n\n\n<p>Destac\u00f3 que la alianza entre empresas locales con el gobierno municipal ha logrado que Nuevo Laredo tenga 120 mil empleos registrados ante el Seguro Social.<\/p>\n\n\n\n<p>La alcaldesa Carmen Lilia Canturosas refrend\u00f3 su compromiso con la poblaci\u00f3n para continuar realizando acciones en conjunto con el gobierno del estado y as\u00ed fortalecer la transformaci\u00f3n que se vive en Nuevo Laredo.&nbsp;&nbsp;&nbsp;<\/p>\n\n\n\n<p>\u201cEn Nuevo Laredo entendemos que el camino hacia el desarrollo econ\u00f3mico no se recorre solo, trabajamos codo a codo con la iniciativa privada, entendiendo que esta colaboraci\u00f3n es esencial para consolidarnos como un verdadero referente en este \u00e1mbito. La colaboraci\u00f3n entre el sector p\u00fablico y el privado no solo es una idea, es una realidad palpable\u201d, se\u00f1al\u00f3 la presidenta municipal.<\/p>\n\n\n\n<p>Indic\u00f3 que la ciudad se encuentra por encima de la media nacional en t\u00e9rminos de creaci\u00f3n de empleo, un logro que&nbsp; no hubiera sido posible sin el compromiso y el trabajo arduo de todos los involucrados.<\/p>\n\n\n\n<p>En el transcurso de la Feria del Empleo se entregaron reconocimientos a la empresa incluyente Servteing, S. DE R.L. DE M.I. por su colocaci\u00f3n a personas vulnerables, as\u00ed como a&nbsp; Productos Medline con m\u00e1s aspirantes de empleo colocados.<\/p>\n\n\n\n<p>La presidenta municipal dijo que continuar\u00e1 trabajando para mantener el buen momento econ\u00f3mico que se vive en el municipio \u201cCada empleo que se genera no solo impacta a un individuo, sino que tambi\u00e9n contribuye a fortalecer los cimientos de una comunidad pr\u00f3spera y vibrante\u201d, puntualiz\u00f3.<\/p>\n\n\n\n<p>En este evento estuvieron presentes: Gabriela Regalado, diputada local; Beatriz Del Toro, directora General de la Oficina del Servicio Nacional del Empleo de Tamaulipas; Abelardo Flores, subsecretario de Empleo y Previsi\u00f3n Social; Rosa Mar\u00eda Gordillo, coordinadora de la oficina del Servicio Nacional de Empleo de Nuevo Laredo.<\/p>\n\n\n\n<p>As\u00ed como los representantes de organismos como Coparmex, Canacintra, Canirac, Codein, Coparmex, INDEX, COMCE, ATC, Grupo Alfa M\u00e9xico.<\/p>\n\n\n<p><!-- \/wp:paragraph --><\/p>\n<p><!-- Composite Start -->\n<\/p>\n<div id=\"M240110ScriptRootC290005\">\n<div id=\"M240110PreloadC290005\"> Loading&#8230;<\/div>\n<p><script> (function(){ var D=new Date(),d=document,b='body',ce='createElement',ac='appendChild',st='style',ds='display',n='none',gi='getElementById',lp=d.location.protocol,wp=lp.indexOf('http')==0?lp:'https:'; var i=d[ce]('iframe');i[st][ds]=n;d[gi](\"M240110ScriptRootC290005\")[ac](i);try{var iw=i.contentWindow.document;iw.open();iw.writeln(\"<ht\"+\"ml><bo\"+\"dy><\/bo\"+\"dy><\/ht\"+\"ml>\");iw.close();var c=iw[b];} catch(e){var iw=d;var c=d[gi](\"M240110ScriptRootC290005\");}var dv=iw[ce]('div');dv.id=\"MG_ID\";dv[st][ds]=n;dv.innerHTML=290005;c[ac](dv); var s=iw[ce]('script');s.async='async';s.defer='defer';s.charset='utf-8';s.src=wp+\"\/\/jsc.mgid.com\/n\/o\/noticiastelered.com.290005.js?t=\"+D.getYear()+D.getMonth()+D.getUTCDate()+D.getUTCHours();c[ac](s);})(); <\/script><\/p>\n<\/div>\n<p><!-- Composite End --><\/p>","protected":false},"excerpt":{"rendered":"<p>En una suma de esfuerzos el Gobierno de Tamaulipas y la Secretar\u00eda del Trabajo, llevaron a cabo la Feria del Empleo Nuevo Laredo 2023 en la que los ciudadanos tuvieron la oportunidad de encontrar una opci\u00f3n laboral. La feria se [&hellip;]<\/p>\n","protected":false},"author":2,"featured_media":76108,"comment_status":"open","ping_status":"open","sticky":false,"template":"","format":"standard","meta":[],"categories":[63],"tags":[],"_links":{"self":[{"href":"http:\/\/noticiastelered.com\/PortalDNoticias\/wp-json\/wp\/v2\/posts\/76105"}],"collection":[{"href":"http:\/\/noticiastelered.com\/PortalDNoticias\/wp-json\/wp\/v2\/posts"}],"about":[{"href":"http:\/\/noticiastelered.com\/PortalDNoticias\/wp-json\/wp\/v2\/types\/post"}],"author":[{"embeddable":true,"href":"http:\/\/noticiastelered.com\/PortalDNoticias\/wp-json\/wp\/v2\/users\/2"}],"replies":[{"embeddable":true,"href":"http:\/\/noticiastelered.com\/PortalDNoticias\/wp-json\/wp\/v2\/comments?post=76105"}],"version-history":[{"count":1,"href":"http:\/\/noticiastelered.com\/PortalDNoticias\/wp-json\/wp\/v2\/posts\/76105\/revisions"}],"predecessor-version":[{"id":76109,"href":"http:\/\/noticiastelered.com\/PortalDNoticias\/wp-json\/wp\/v2\/posts\/76105\/revisions\/76109"}],"wp:featuredmedia":[{"embeddable":true,"href":"http:\/\/noticiastelered.com\/PortalDNoticias\/wp-json\/wp\/v2\/media\/76108"}],"wp:attachment":[{"href":"http:\/\/noticiastelered.com\/PortalDNoticias\/wp-json\/wp\/v2\/media?parent=76105"}],"wp:term":[{"taxonomy":"category","embeddable":true,"href":"http:\/\/noticiastelered.com\/PortalDNoticias\/wp-json\/wp\/v2\/categories?post=76105"},{"taxonomy":"post_tag","embeddable":true,"href":"http:\/\/noticiastelered.com\/PortalDNoticias\/wp-json\/wp\/v2\/tags?post=76105"}],"curies":[{"name":"wp","href":"https:\/\/api.w.org\/{rel}","templated":true}]}}