{"id":76058,"date":"2023-09-01T17:40:36","date_gmt":"2023-09-01T17:40:36","guid":{"rendered":"http:\/\/noticiastelered.com\/PortalDNoticias\/?p=76058"},"modified":"2023-09-01T17:40:39","modified_gmt":"2023-09-01T17:40:39","slug":"un-ano-esperando-justicia-para-heidi-mariana-nina-de-4-anos-asesinada-por-militares","status":"publish","type":"post","link":"http:\/\/noticiastelered.com\/PortalDNoticias\/un-ano-esperando-justicia-para-heidi-mariana-nina-de-4-anos-asesinada-por-militares\/","title":{"rendered":"Un a\u00f1o esperando justicia para Heidi Mariana; ni\u00f1a de 4 a\u00f1os asesinada por militares"},"content":{"rendered":"\n<p>Nuevo Laredo, Tamaulipas, 01 de septiembre de 2023 .\u2014 A un a\u00f1o del asesinato de la ni\u00f1a Heidi Mariana P\u00e9rez, de 4 a\u00f1os, a manos de personal de la Secretaria de la Defensa Nacional, la Fiscal\u00eda General de la Republica no ha ejercido acci\u00f3n penal en contra de los militares, responsables del crimen.<\/p>\n\n\n\n<p>\u201cTienen un a\u00f1o con lo mismo, no me dan soluci\u00f3n para nada, yo quiero que se haga justicia, para que mi ni\u00f1a y mi familia este en paz\u201d declaro Cristina Aracely P\u00e9rez Rodr\u00edguez, quien pide justicia por el asesinato de su hija.<\/p>\n\n\n\n<p>Con la misa en la parroquia de San Jos\u00e9 se record\u00f3 el artero crimen de la ni\u00f1a Heidi Mariana, en un caso en el cual el presidente Andr\u00e9s Manuel L\u00f3pez Obrador prometi\u00f3 se har\u00eda justicia y hasta el momento no hay avances en las investigaciones, ni militares detenidos.<\/p>\n\n\n\n<p>\u201cEl dolor de la impunidad es muy fuerte. El dolor de la ausencia de esta ni\u00f1a, Heidi Mariana, es muy fuerte. No se le desea a nadie. Es un dolor indescriptible, un dolor que la va a acompa\u00f1ar toda su vida\u201d, se\u00f1al\u00f3 Raymundo Ramos V\u00e1zquez, presidente del Comit\u00e9 de Derechos Humanos de Nuevo Laredo.<\/p>\n\n\n\n<p>Hizo un llamado a la Fiscal\u00eda General de la Rep\u00fablica para que ya no dilate, \u201cpara que ya no proteja a los militares que dispararon, y que ya termine esta carpeta de investigaci\u00f3n, lamentablemente, en este a\u00f1o hemos encontrado en el Ministerio P\u00fablico deficiencias muy fuertes, peritajes que no se quieren realizar, declaraciones que no quiere proporcionar la Secretar\u00eda de la Defensa Nacional, informaci\u00f3n que no quiere proporcionar la Secretar\u00eda de la Defensa Nacional de todos los participantes\u201d.<\/p>\n\n\n\n<p>Destac\u00f3 que el caso de la ni\u00f1a Heidi Mariana fue una agresi\u00f3n directa, no producto de una percepci\u00f3n, ni de fuego cruzado y ni la FGR, ni SEDENA ni el propio presidente de M\u00e9xico, Andr\u00e9s Manuel L\u00f3pez Obrador, han cumplido.<\/p>\n\n\n\n<p>\u201cPor eso el dolor de la familia de Cristina es muy fuerte, porque ya pas\u00f3 un a\u00f1o y es un a\u00f1o de impunidad\u201d, dijo Ramos V\u00e1zquez.<\/p>\n\n\n\n<p>Para la FGR hasta el momento no hay elementos para identificar al personal del Ej\u00e9rcito que particip\u00f3 en estos hechos, manifest\u00f3 Ramos V\u00e1zquez, quien agreg\u00f3 que con esta respuesta el Ministerio P\u00fablico lo que demuestra es \u00fanicamente su parcialidad y la protecci\u00f3n al personal del Ej\u00e9rcito.<\/p>\n\n\n\n<p>\u201cLos disparos que recibi\u00f3 el veh\u00edculo est\u00e1n agrupados. Fueron certeros. Son disparos de alta precisi\u00f3n y hechos con alguien por experiencia, por eso nosotros estamos convencidos de la responsabilidad del Ej\u00e9rcito en estos hechos y hay instancias internacionales que est\u00e1n buscando intervenir, pero todav\u00eda queremos agotar el proceso interno de investigaci\u00f3n, tanto en materia de derechos humanos como en materia penal\u201d, Destac\u00f3 Ramos V\u00e1zquez.<\/p>\n\n\n\n<p>El crimen de la ni\u00f1a Heidi Mariana, de 4 a\u00f1os, ocurrido la noche del 31 de agosto de 2022, conmocion\u00f3 a los Laredos. La peque\u00f1a erallevada por Griselda, esposa de su abuelo al hospital del IMSS, porque se sent\u00eda mal.<\/p>\n\n\n\n<p>Iban en un Chevrolet Cobalt. En el trayecto al IMSS de La Bandera, personal militar dispar\u00f3 contra el veh\u00edculo, asesinando a la ni\u00f1a Heidi, lesionado a Griselda y afectado psicol\u00f3gicamente a su hermano Kevin, de 7 a\u00f1os, quien estaba sentado junto a la peque\u00f1a.<\/p>\n\n\n\n<p>El primero de septiembre de 2022, en su conferencia ma\u00f1anera, el presidente Andr\u00e9s Manuel L\u00f3pez Obrador, inform\u00f3 que la Secretar\u00eda de la Defensa Nacional (Sedena) abri\u00f3 una investigaci\u00f3n por la muerte de Heidi Mariana, de 4 a\u00f1os, ocurrida el 31 de agosto en Nuevo Laredo.<\/p>\n\n\n\n<p>\u201cEl secretario de la Defensa Nacional, el general Sandoval, orden\u00f3 de inmediato la investigaci\u00f3n y se va a esperar nada m\u00e1s que ya se resuelva el d\u00eda de hoy sobre la responsabilidad de quien dispar\u00f3 de los grupos, si fue de parte del Ej\u00e9rcito se va castigar a los responsables\u201d se\u00f1al\u00f3 L\u00f3pez Obrador, sin embargo a un a\u00f1o, no se ha hecho justicia para la ni\u00f1a Heidi Mariana.<\/p>\n","protected":false},"excerpt":{"rendered":"<p>Nuevo Laredo, Tamaulipas, 01 de septiembre de 2023 .\u2014 A un a\u00f1o del asesinato de la ni\u00f1a Heidi Mariana P\u00e9rez, de 4 a\u00f1os, a manos de personal de la Secretaria de la Defensa Nacional, la Fiscal\u00eda General de la Republica [&hellip;]<\/p>\n","protected":false},"author":2,"featured_media":76061,"comment_status":"open","ping_status":"open","sticky":false,"template":"","format":"standard","meta":[],"categories":[60,63,77],"tags":[],"_links":{"self":[{"href":"http:\/\/noticiastelered.com\/PortalDNoticias\/wp-json\/wp\/v2\/posts\/76058"}],"collection":[{"href":"http:\/\/noticiastelered.com\/PortalDNoticias\/wp-json\/wp\/v2\/posts"}],"about":[{"href":"http:\/\/noticiastelered.com\/PortalDNoticias\/wp-json\/wp\/v2\/types\/post"}],"author":[{"embeddable":true,"href":"http:\/\/noticiastelered.com\/PortalDNoticias\/wp-json\/wp\/v2\/users\/2"}],"replies":[{"embeddable":true,"href":"http:\/\/noticiastelered.com\/PortalDNoticias\/wp-json\/wp\/v2\/comments?post=76058"}],"version-history":[{"count":1,"href":"http:\/\/noticiastelered.com\/PortalDNoticias\/wp-json\/wp\/v2\/posts\/76058\/revisions"}],"predecessor-version":[{"id":76062,"href":"http:\/\/noticiastelered.com\/PortalDNoticias\/wp-json\/wp\/v2\/posts\/76058\/revisions\/76062"}],"wp:featuredmedia":[{"embeddable":true,"href":"http:\/\/noticiastelered.com\/PortalDNoticias\/wp-json\/wp\/v2\/media\/76061"}],"wp:attachment":[{"href":"http:\/\/noticiastelered.com\/PortalDNoticias\/wp-json\/wp\/v2\/media?parent=76058"}],"wp:term":[{"taxonomy":"category","embeddable":true,"href":"http:\/\/noticiastelered.com\/PortalDNoticias\/wp-json\/wp\/v2\/categories?post=76058"},{"taxonomy":"post_tag","embeddable":true,"href":"http:\/\/noticiastelered.com\/PortalDNoticias\/wp-json\/wp\/v2\/tags?post=76058"}],"curies":[{"name":"wp","href":"https:\/\/api.w.org\/{rel}","templated":true}]}}