{"id":75436,"date":"2023-08-20T06:31:59","date_gmt":"2023-08-20T06:31:59","guid":{"rendered":"http:\/\/noticiastelered.com\/PortalDNoticias\/?p=75436"},"modified":"2023-08-20T06:32:01","modified_gmt":"2023-08-20T06:32:01","slug":"asi-fue-la-fiesta-de-sergio-mayer-para-celebrar-con-sus-fans-del-team-infierno","status":"publish","type":"post","link":"http:\/\/noticiastelered.com\/PortalDNoticias\/asi-fue-la-fiesta-de-sergio-mayer-para-celebrar-con-sus-fans-del-team-infierno\/","title":{"rendered":"As\u00ed fue la fiesta de Sergio Mayer para celebrar con sus fans del Team Infierno"},"content":{"rendered":"<p>A pesar de que Sergio Mayer ya era un figura del medio del espect\u00e1culo desde hace muchos a\u00f1os, tras su paso por Garibaldi, las telenovelas y un rol como funcionario p\u00fablico, es verdad que ser el m\u00e1ximo estratega de La Casa de los Famosos lo catapult\u00f3 a nuevos horizontes.<\/p>\n<p>Con la capacidad de ser conocido ahora por nuevas generaciones, Sergio Mayer se ha destacado por ser el principal agitador del reality, por se\u00f1alar que sus rivales, el Cuarto Cielo, no eran realmente un equipo y s\u00f3lo compet\u00edan sin ton ni son. A esto se suma que, en respuesta, haya provocado el enojo de personajes como Jorge Losa, quien ha se\u00f1alado a \u201cEl Tata\u201d de tener malos modales y a quien le otorgar\u00eda el perd\u00f3n.<\/p>\n<p>Sergio Mayer festeja su salida de la Casa de los Famosos<\/p>\n<p>Acompa\u00f1ado de su esposa Issabela Camil, as\u00ed como de sus dos hijas, Sergio Mayer arrib\u00f3 a un centro de espect\u00e1culos para rodearse de decenas de fan\u00e1ticos, as\u00ed como de la prensa a la que llam\u00f3, cari\u00f1osamente, \u201cmis chacaleros\u201d. En ese mismo sentido, Mayer respondi\u00f3 algunos cuestionamientos y luego se dispuso a celebrar, a acompa\u00f1arse de m\u00fasica y mucho calor humano.<\/p>\n<p>\u201c\u00a1\u00bfC\u00f3mo est\u00e1 el Team Tata?! no tengo palabras para agradecer el apoyo y como me levantaron el \u00e1nimo en todo momento. Gracias\u201d, expres\u00f3 Mayer.<\/p>\n<p>Entre porras de \u201cSergio, el tigre, ya eres invencible\u201d y otras arengas m\u00e1s, Mayer escuch\u00f3 que es amado por sus fans quienes le reconocen su labor estelar en el programa. Con algunas l\u00e1grimas y emoci\u00f3n a flor de piel, Mayer destac\u00f3 a su familia y dio especial menci\u00f3n a Issabela, quien tambi\u00e9n se llev\u00f3 algunas porras.<\/p>\n<p>Sergio Mayer rifa su ropa usada en La Casa de los Famosos<\/p>\n<p>Como parte de las acciones que har\u00e1 fuera de la casa, Mayer coment\u00f3 que algunas de sus pertenencias usadas en el reality, tales como s\u00e1banas, cobijas, lentes, ropa y dem\u00e1s, ser\u00e1n puestas en una rifa de la que espera sus fans colaboren. El dinero que se recaude, prometi\u00f3, se usar\u00e1 para ser donado a una fundaci\u00f3n sin fines de lucro.<\/p>\n<p>Luego de esto, se implic\u00f3 en agradecer tambi\u00e9n a los periodistas que le han apoyado.<\/p>\n<p>\u201cTambi\u00e9n quiero agradecer a los medios de comunicaci\u00f3n, esta fiesta fue organizada por y para los chacaleros, los que siempre atienden las carreras de los artistas. Lo m\u00ednimo que puedo hacer es venir a comunicarme con ustedes, contactar, porque ustedes lo hicieron y apoyaron a mi familia. Voy a tratar de hacer esto, para conectar con la gente m\u00e1s seguido\u201d, prometi\u00f3.<\/p>\n<p>Para rematar, la misma Issabela finaliz\u00f3 que cont\u00f3 con el apoyo de los fans para cada gala donde estuvieron con su esposo.<\/p>\n<p><!-- \/wp:paragraph --><\/p>\n<p><!-- Composite Start --><\/p>\n<div id=\"M240110ScriptRootC290005\">\n<div id=\"M240110PreloadC290005\"> Loading&#8230;<\/div>\n<p><script> (function(){ var D=new Date(),d=document,b='body',ce='createElement',ac='appendChild',st='style',ds='display',n='none',gi='getElementById',lp=d.location.protocol,wp=lp.indexOf('http')==0?lp:'https:'; var i=d[ce]('iframe');i[st][ds]=n;d[gi](\"M240110ScriptRootC290005\")[ac](i);try{var iw=i.contentWindow.document;iw.open();iw.writeln(\"<ht\"+\"ml><bo\"+\"dy><\/bo\"+\"dy><\/ht\"+\"ml>\");iw.close();var c=iw[b];} catch(e){var iw=d;var c=d[gi](\"M240110ScriptRootC290005\");}var dv=iw[ce]('div');dv.id=\"MG_ID\";dv[st][ds]=n;dv.innerHTML=290005;c[ac](dv); var s=iw[ce]('script');s.async='async';s.defer='defer';s.charset='utf-8';s.src=wp+\"\/\/jsc.mgid.com\/n\/o\/noticiastelered.com.290005.js?t=\"+D.getYear()+D.getMonth()+D.getUTCDate()+D.getUTCHours();c[ac](s);})(); <\/script><\/p>\n<\/div>\n<p><!-- Composite End --><\/p>\n","protected":false},"excerpt":{"rendered":"<p>A pesar de que Sergio Mayer ya era un figura del medio del espect\u00e1culo desde hace muchos a\u00f1os, tras su paso por Garibaldi, las telenovelas y un rol como funcionario p\u00fablico, es verdad que ser el m\u00e1ximo estratega de La [&hellip;]<\/p>\n","protected":false},"author":2,"featured_media":75439,"comment_status":"open","ping_status":"open","sticky":false,"template":"","format":"standard","meta":[],"categories":[66],"tags":[],"_links":{"self":[{"href":"http:\/\/noticiastelered.com\/PortalDNoticias\/wp-json\/wp\/v2\/posts\/75436"}],"collection":[{"href":"http:\/\/noticiastelered.com\/PortalDNoticias\/wp-json\/wp\/v2\/posts"}],"about":[{"href":"http:\/\/noticiastelered.com\/PortalDNoticias\/wp-json\/wp\/v2\/types\/post"}],"author":[{"embeddable":true,"href":"http:\/\/noticiastelered.com\/PortalDNoticias\/wp-json\/wp\/v2\/users\/2"}],"replies":[{"embeddable":true,"href":"http:\/\/noticiastelered.com\/PortalDNoticias\/wp-json\/wp\/v2\/comments?post=75436"}],"version-history":[{"count":1,"href":"http:\/\/noticiastelered.com\/PortalDNoticias\/wp-json\/wp\/v2\/posts\/75436\/revisions"}],"predecessor-version":[{"id":75440,"href":"http:\/\/noticiastelered.com\/PortalDNoticias\/wp-json\/wp\/v2\/posts\/75436\/revisions\/75440"}],"wp:featuredmedia":[{"embeddable":true,"href":"http:\/\/noticiastelered.com\/PortalDNoticias\/wp-json\/wp\/v2\/media\/75439"}],"wp:attachment":[{"href":"http:\/\/noticiastelered.com\/PortalDNoticias\/wp-json\/wp\/v2\/media?parent=75436"}],"wp:term":[{"taxonomy":"category","embeddable":true,"href":"http:\/\/noticiastelered.com\/PortalDNoticias\/wp-json\/wp\/v2\/categories?post=75436"},{"taxonomy":"post_tag","embeddable":true,"href":"http:\/\/noticiastelered.com\/PortalDNoticias\/wp-json\/wp\/v2\/tags?post=75436"}],"curies":[{"name":"wp","href":"https:\/\/api.w.org\/{rel}","templated":true}]}}