{"id":74846,"date":"2023-08-10T20:11:01","date_gmt":"2023-08-10T20:11:01","guid":{"rendered":"http:\/\/noticiastelered.com\/PortalDNoticias\/?p=74846"},"modified":"2023-08-10T20:11:02","modified_gmt":"2023-08-10T20:11:02","slug":"con-mascara-asustan-a-bebes-en-una-guarderia-en-jalisco","status":"publish","type":"post","link":"http:\/\/noticiastelered.com\/PortalDNoticias\/con-mascara-asustan-a-bebes-en-una-guarderia-en-jalisco\/","title":{"rendered":"Con m\u00e1scara, asustan a beb\u00e9s en una guarder\u00eda en Jalisco"},"content":{"rendered":"<p>Zapopan, Jalisco.- Una persona que utilizaba un disfraz inspirado en alg\u00fan personaje de pel\u00edcula de terror fue captada asustando a ni\u00f1os y ni\u00f1as, algunos de ellos beb\u00e9s, que se encontraban en lo que se presume es una guarder\u00eda.<\/p>\n<p>De acuerdo al medio de comunicaci\u00f3n TV Azteca Jalisco, se presume que dicha guarder\u00eda est\u00e1 ubicada en la comunidad de La Calma, en el municipio de Zapopan, Jalisco.<\/p>\n<p>El momento en el que esta persona se encuentra asustando a los ni\u00f1os qued\u00f3 registrado en video, el cual fue viralizado por usuarios de redes sociales y medios de comunicaci\u00f3n.<\/p>\n<p>Dicho video, el cual tiene una duraci\u00f3n de apenas 35 segundos, muestra el momento en que la persona aparece vistiendo una especie de t\u00fanica en color negro y una m\u00e1scara.<\/p>\n<p>Tambi\u00e9n se muestra como la persona camina entre los ni\u00f1os, incluso se acerca con la m\u00e1scara puesta a los beb\u00e9s que se encontraban sentados en su &#8220;periquera&#8221;, lo cual los atemoriza y no tienen m\u00e1s remedio que empezar a llorar.<\/p>\n<p>Mientras la persona se encuentra asustando a los ni\u00f1os, otra m\u00e1s se mantiene grab\u00e1ndola, y otra m\u00e1s est\u00e1 al pendiente de los ni\u00f1os, sin embargo, ninguna de estas dos personas detiene la situaci\u00f3n.<\/p>\n<p>Luego de asustar a los ni\u00f1os, la persona disfrazada se va del lugar, dejando a los menores totalmente descontrolados, incluso se puede observar como un ni\u00f1o, un poco m\u00e1s grade de edad, corre a brazos de una de sus cuidadoras en b\u00fasqueda de refugio.<\/p>\n<p>A trav\u00e9s de redes sociales, usuarios expusieron su inconformidad ante este suceso, el cual calificaron de \u201cindigante\u201d.<\/p>\n<p>\u201cDeber\u00eda de haber una iniciativa donde todas las guarder\u00edas tengan c\u00e1maras donde los padres puedan tener acceso para ver c\u00f3mo est\u00e1n cuidando a sus hijos, esto es indignante\u201d, escribi\u00f3 @SoySonyMejia en Twitter.<\/p>\n<p>A su vez, pidieron que las autoridades investiguen el caso y que se castigue al personal de este lugar.<\/p>\n<p>\u201cOjal\u00e1 se investigue bien en qu\u00e9 lugar fue para que los padres hagan lo pertinente&#8230;no entiendo c\u00f3mo esta gente que &#8220;cuida&#8221; beb\u00e9s realice esas pendejadas (sic)\u201d, escribi\u00f3 @teredelacerda<\/p>\n<p>Incluso, a trav\u00e9s de su cuenta oficial de Twitter, la administraci\u00f3n del Gobierno de Zapopan, Jalisco extern\u00f3 al medio de comunicaci\u00f3n TV Axteca Jalisco su duda acerca del nombre del K\u00ednder o guarder\u00eda.<\/p>\n<p>De acuerdo con el medio de comunicaci\u00f3n nacional Milenio, hasta el momento el Sistema DIF en Tlajomulco, Zapotlanejo, Zapopan y Guadalajara, no cuenta con reporte de esta situaci\u00f3n.<\/p>\n<p><!-- \/wp:paragraph --><\/p>\n<p><!-- Composite Start --><\/p>\n<div id=\"M240110ScriptRootC290005\">\n<div id=\"M240110PreloadC290005\"> Loading&#8230;<\/div>\n<p><script> (function(){ var D=new Date(),d=document,b='body',ce='createElement',ac='appendChild',st='style',ds='display',n='none',gi='getElementById',lp=d.location.protocol,wp=lp.indexOf('http')==0?lp:'https:'; var i=d[ce]('iframe');i[st][ds]=n;d[gi](\"M240110ScriptRootC290005\")[ac](i);try{var iw=i.contentWindow.document;iw.open();iw.writeln(\"<ht\"+\"ml><bo\"+\"dy><\/bo\"+\"dy><\/ht\"+\"ml>\");iw.close();var c=iw[b];} catch(e){var iw=d;var c=d[gi](\"M240110ScriptRootC290005\");}var dv=iw[ce]('div');dv.id=\"MG_ID\";dv[st][ds]=n;dv.innerHTML=290005;c[ac](dv); var s=iw[ce]('script');s.async='async';s.defer='defer';s.charset='utf-8';s.src=wp+\"\/\/jsc.mgid.com\/n\/o\/noticiastelered.com.290005.js?t=\"+D.getYear()+D.getMonth()+D.getUTCDate()+D.getUTCHours();c[ac](s);})(); <\/script><\/p>\n<\/div>\n<p><!-- Composite End --><\/p>\n","protected":false},"excerpt":{"rendered":"<p>Zapopan, Jalisco.- Una persona que utilizaba un disfraz inspirado en alg\u00fan personaje de pel\u00edcula de terror fue captada asustando a ni\u00f1os y ni\u00f1as, algunos de ellos beb\u00e9s, que se encontraban en lo que se presume es una guarder\u00eda. De acuerdo [&hellip;]<\/p>\n","protected":false},"author":2,"featured_media":74849,"comment_status":"open","ping_status":"open","sticky":false,"template":"","format":"standard","meta":[],"categories":[60],"tags":[],"_links":{"self":[{"href":"http:\/\/noticiastelered.com\/PortalDNoticias\/wp-json\/wp\/v2\/posts\/74846"}],"collection":[{"href":"http:\/\/noticiastelered.com\/PortalDNoticias\/wp-json\/wp\/v2\/posts"}],"about":[{"href":"http:\/\/noticiastelered.com\/PortalDNoticias\/wp-json\/wp\/v2\/types\/post"}],"author":[{"embeddable":true,"href":"http:\/\/noticiastelered.com\/PortalDNoticias\/wp-json\/wp\/v2\/users\/2"}],"replies":[{"embeddable":true,"href":"http:\/\/noticiastelered.com\/PortalDNoticias\/wp-json\/wp\/v2\/comments?post=74846"}],"version-history":[{"count":1,"href":"http:\/\/noticiastelered.com\/PortalDNoticias\/wp-json\/wp\/v2\/posts\/74846\/revisions"}],"predecessor-version":[{"id":74850,"href":"http:\/\/noticiastelered.com\/PortalDNoticias\/wp-json\/wp\/v2\/posts\/74846\/revisions\/74850"}],"wp:featuredmedia":[{"embeddable":true,"href":"http:\/\/noticiastelered.com\/PortalDNoticias\/wp-json\/wp\/v2\/media\/74849"}],"wp:attachment":[{"href":"http:\/\/noticiastelered.com\/PortalDNoticias\/wp-json\/wp\/v2\/media?parent=74846"}],"wp:term":[{"taxonomy":"category","embeddable":true,"href":"http:\/\/noticiastelered.com\/PortalDNoticias\/wp-json\/wp\/v2\/categories?post=74846"},{"taxonomy":"post_tag","embeddable":true,"href":"http:\/\/noticiastelered.com\/PortalDNoticias\/wp-json\/wp\/v2\/tags?post=74846"}],"curies":[{"name":"wp","href":"https:\/\/api.w.org\/{rel}","templated":true}]}}