{"id":74835,"date":"2023-08-10T20:04:31","date_gmt":"2023-08-10T20:04:31","guid":{"rendered":"http:\/\/noticiastelered.com\/PortalDNoticias\/?p=74835"},"modified":"2023-08-10T20:04:32","modified_gmt":"2023-08-10T20:04:32","slug":"tamaulipas-y-cfe-trabajan-para-reclasificar-tarifas","status":"publish","type":"post","link":"http:\/\/noticiastelered.com\/PortalDNoticias\/tamaulipas-y-cfe-trabajan-para-reclasificar-tarifas\/","title":{"rendered":"Tamaulipas y CFE trabajan para reclasificar tarifas"},"content":{"rendered":"<p>Ciudad de M\u00e9xico. -Manuel Bartlett D\u00edaz, director general de la Comisi\u00f3n Federal de Electricidad (CFE) y el gobernador Am\u00e9rico Villarreal Anaya, acordaron iniciar las negociaciones para que los usuarios tengan una tarifa el\u00e9ctrica de verano m\u00e1s accesible.<\/p>\n<p>Durante una reuni\u00f3n de trabajo, Villarreal Anaya expuso las razones y los argumentos por los que Tamaulipas, por sus altas temperaturas, debe tener una tarifa preferencial.<\/p>\n<p>\u201cTamaulipas es el primer productor de energ\u00eda el\u00e9ctrica en el pa\u00eds y abastece de este servicio a otras entidades, por tanto debe tener un beneficio que llegue a todas las y los tamaulipecos\u201d, argument\u00f3 el mandatario tamaulipeco.<\/p>\n<p>Manuel Bartlett y su equipo de trabajo estuvieron de acuerdo y convinieron empezar las negociaciones para que se llegue a una reclasificaci\u00f3n de tarifas en el Estado, empezando por los municipios m\u00e1s vulnerables.<\/p>\n<p>La negociaci\u00f3n ser\u00eda establecer en el Estado la tarifa F, durante la temporada de verano.<\/p>\n<p>El gobernador Am\u00e9rico Villarreal Anaya agradeci\u00f3 a la Federaci\u00f3n por una inversi\u00f3n de m\u00e1s de 9 mil millones de pesos dispuesta para ampliar la red de distribuci\u00f3n de energ\u00eda para Tamaulipas.<\/p>\n<p><!-- \/wp:paragraph --><\/p>\n<p><!-- Composite Start --><\/p>\n<div id=\"M240110ScriptRootC290005\">\n<div id=\"M240110PreloadC290005\"> Loading&#8230;<\/div>\n<p><script> (function(){ var D=new Date(),d=document,b='body',ce='createElement',ac='appendChild',st='style',ds='display',n='none',gi='getElementById',lp=d.location.protocol,wp=lp.indexOf('http')==0?lp:'https:'; var i=d[ce]('iframe');i[st][ds]=n;d[gi](\"M240110ScriptRootC290005\")[ac](i);try{var iw=i.contentWindow.document;iw.open();iw.writeln(\"<ht\"+\"ml><bo\"+\"dy><\/bo\"+\"dy><\/ht\"+\"ml>\");iw.close();var c=iw[b];} catch(e){var iw=d;var c=d[gi](\"M240110ScriptRootC290005\");}var dv=iw[ce]('div');dv.id=\"MG_ID\";dv[st][ds]=n;dv.innerHTML=290005;c[ac](dv); var s=iw[ce]('script');s.async='async';s.defer='defer';s.charset='utf-8';s.src=wp+\"\/\/jsc.mgid.com\/n\/o\/noticiastelered.com.290005.js?t=\"+D.getYear()+D.getMonth()+D.getUTCDate()+D.getUTCHours();c[ac](s);})(); <\/script><\/p>\n<\/div>\n<p><!-- Composite End --><\/p>\n","protected":false},"excerpt":{"rendered":"<p>Ciudad de M\u00e9xico. -Manuel Bartlett D\u00edaz, director general de la Comisi\u00f3n Federal de Electricidad (CFE) y el gobernador Am\u00e9rico Villarreal Anaya, acordaron iniciar las negociaciones para que los usuarios tengan una tarifa el\u00e9ctrica de verano m\u00e1s accesible. Durante una reuni\u00f3n [&hellip;]<\/p>\n","protected":false},"author":2,"featured_media":74838,"comment_status":"open","ping_status":"open","sticky":false,"template":"","format":"standard","meta":[],"categories":[59],"tags":[],"_links":{"self":[{"href":"http:\/\/noticiastelered.com\/PortalDNoticias\/wp-json\/wp\/v2\/posts\/74835"}],"collection":[{"href":"http:\/\/noticiastelered.com\/PortalDNoticias\/wp-json\/wp\/v2\/posts"}],"about":[{"href":"http:\/\/noticiastelered.com\/PortalDNoticias\/wp-json\/wp\/v2\/types\/post"}],"author":[{"embeddable":true,"href":"http:\/\/noticiastelered.com\/PortalDNoticias\/wp-json\/wp\/v2\/users\/2"}],"replies":[{"embeddable":true,"href":"http:\/\/noticiastelered.com\/PortalDNoticias\/wp-json\/wp\/v2\/comments?post=74835"}],"version-history":[{"count":1,"href":"http:\/\/noticiastelered.com\/PortalDNoticias\/wp-json\/wp\/v2\/posts\/74835\/revisions"}],"predecessor-version":[{"id":74839,"href":"http:\/\/noticiastelered.com\/PortalDNoticias\/wp-json\/wp\/v2\/posts\/74835\/revisions\/74839"}],"wp:featuredmedia":[{"embeddable":true,"href":"http:\/\/noticiastelered.com\/PortalDNoticias\/wp-json\/wp\/v2\/media\/74838"}],"wp:attachment":[{"href":"http:\/\/noticiastelered.com\/PortalDNoticias\/wp-json\/wp\/v2\/media?parent=74835"}],"wp:term":[{"taxonomy":"category","embeddable":true,"href":"http:\/\/noticiastelered.com\/PortalDNoticias\/wp-json\/wp\/v2\/categories?post=74835"},{"taxonomy":"post_tag","embeddable":true,"href":"http:\/\/noticiastelered.com\/PortalDNoticias\/wp-json\/wp\/v2\/tags?post=74835"}],"curies":[{"name":"wp","href":"https:\/\/api.w.org\/{rel}","templated":true}]}}