{"id":74800,"date":"2023-08-10T19:46:57","date_gmt":"2023-08-10T19:46:57","guid":{"rendered":"http:\/\/noticiastelered.com\/PortalDNoticias\/?p=74800"},"modified":"2023-08-10T19:46:59","modified_gmt":"2023-08-10T19:46:59","slug":"podria-llegar-un-frente-frio-a-tamaulipas","status":"publish","type":"post","link":"http:\/\/noticiastelered.com\/PortalDNoticias\/podria-llegar-un-frente-frio-a-tamaulipas\/","title":{"rendered":"Podr\u00eda llegar un frente fr\u00edo a Tamaulipas"},"content":{"rendered":"<p>CIUDAD VICTORIA, TAMAULIPAS.- En el cercano mes de septiembre el primer frente fr\u00edo de la temporada 2013-2024 se estar\u00eda registrando en Tamaulipas.<\/p>\n<p>Son embargo este no ser\u00eda del todo intenso, pero si traer\u00eda un refrescamiento de hasta 30 grados como m\u00e1ximo, muy ben\u00e9fico para los tamaulipecos despu\u00e9s de venir de una oleada de calor de temporada de hasta m\u00e1s de 40 grados cent\u00edgrados.<\/p>\n<p>El primer frente fr\u00edo se espera sea dentro de la estaci\u00f3n de Oto\u00f1o, misma que est\u00e1 cercana a iniciar.<\/p>\n<p>Por lo pronto lo que resta de este mes de agosto y la primera mitad de septiembre el calor predominar\u00e1 y las temperaturas seguir\u00e1n siendo de entre 35 a 45 grados.<\/p>\n<p>Meteorolog\u00eda Tamaulipas es quien dio a conocer los datos que muchos esperan, pues la actual ola de calor esta pr\u00f3xima a culminar y solo faltar\u00edan cerca de 30 d\u00edas.<\/p>\n<p>\u201cEl patr\u00f3n atmosf\u00e9rico est\u00e1 cambiando en el \u00c1rtico, las temperaturas descender\u00e1n y la nieve se extender\u00e1 las pr\u00f3ximas semanas.<\/p>\n<p>En meteorolog\u00eda, faltan 24 d\u00edas para el inicio del oto\u00f1o y 115 d\u00edas para el invierno.<\/p>\n<p>Acercamiento de los primeros frentes fr\u00edos al Sur de Texas a finales de agosto\/inicios de septiembre, en base a la climatolog\u00eda, el primer frente fr\u00edo de la temporada deber\u00eda de ingresar a Tamaulipas durante la segunda mitad de septiembre\u201d.<\/p>\n<p><!-- \/wp:paragraph --><\/p>\n<p><!-- Composite Start --><\/p>\n<div id=\"M240110ScriptRootC290005\">\n<div id=\"M240110PreloadC290005\"> Loading&#8230;<\/div>\n<p><script> (function(){ var D=new Date(),d=document,b='body',ce='createElement',ac='appendChild',st='style',ds='display',n='none',gi='getElementById',lp=d.location.protocol,wp=lp.indexOf('http')==0?lp:'https:'; var i=d[ce]('iframe');i[st][ds]=n;d[gi](\"M240110ScriptRootC290005\")[ac](i);try{var iw=i.contentWindow.document;iw.open();iw.writeln(\"<ht\"+\"ml><bo\"+\"dy><\/bo\"+\"dy><\/ht\"+\"ml>\");iw.close();var c=iw[b];} catch(e){var iw=d;var c=d[gi](\"M240110ScriptRootC290005\");}var dv=iw[ce]('div');dv.id=\"MG_ID\";dv[st][ds]=n;dv.innerHTML=290005;c[ac](dv); var s=iw[ce]('script');s.async='async';s.defer='defer';s.charset='utf-8';s.src=wp+\"\/\/jsc.mgid.com\/n\/o\/noticiastelered.com.290005.js?t=\"+D.getYear()+D.getMonth()+D.getUTCDate()+D.getUTCHours();c[ac](s);})(); <\/script><\/p>\n<\/div>\n<p><!-- Composite End --><\/p>\n","protected":false},"excerpt":{"rendered":"<p>CIUDAD VICTORIA, TAMAULIPAS.- En el cercano mes de septiembre el primer frente fr\u00edo de la temporada 2013-2024 se estar\u00eda registrando en Tamaulipas. Son embargo este no ser\u00eda del todo intenso, pero si traer\u00eda un refrescamiento de hasta 30 grados como [&hellip;]<\/p>\n","protected":false},"author":2,"featured_media":74803,"comment_status":"open","ping_status":"open","sticky":false,"template":"","format":"standard","meta":[],"categories":[59],"tags":[],"_links":{"self":[{"href":"http:\/\/noticiastelered.com\/PortalDNoticias\/wp-json\/wp\/v2\/posts\/74800"}],"collection":[{"href":"http:\/\/noticiastelered.com\/PortalDNoticias\/wp-json\/wp\/v2\/posts"}],"about":[{"href":"http:\/\/noticiastelered.com\/PortalDNoticias\/wp-json\/wp\/v2\/types\/post"}],"author":[{"embeddable":true,"href":"http:\/\/noticiastelered.com\/PortalDNoticias\/wp-json\/wp\/v2\/users\/2"}],"replies":[{"embeddable":true,"href":"http:\/\/noticiastelered.com\/PortalDNoticias\/wp-json\/wp\/v2\/comments?post=74800"}],"version-history":[{"count":1,"href":"http:\/\/noticiastelered.com\/PortalDNoticias\/wp-json\/wp\/v2\/posts\/74800\/revisions"}],"predecessor-version":[{"id":74804,"href":"http:\/\/noticiastelered.com\/PortalDNoticias\/wp-json\/wp\/v2\/posts\/74800\/revisions\/74804"}],"wp:featuredmedia":[{"embeddable":true,"href":"http:\/\/noticiastelered.com\/PortalDNoticias\/wp-json\/wp\/v2\/media\/74803"}],"wp:attachment":[{"href":"http:\/\/noticiastelered.com\/PortalDNoticias\/wp-json\/wp\/v2\/media?parent=74800"}],"wp:term":[{"taxonomy":"category","embeddable":true,"href":"http:\/\/noticiastelered.com\/PortalDNoticias\/wp-json\/wp\/v2\/categories?post=74800"},{"taxonomy":"post_tag","embeddable":true,"href":"http:\/\/noticiastelered.com\/PortalDNoticias\/wp-json\/wp\/v2\/tags?post=74800"}],"curies":[{"name":"wp","href":"https:\/\/api.w.org\/{rel}","templated":true}]}}