{"id":74788,"date":"2023-08-10T19:26:07","date_gmt":"2023-08-10T19:26:07","guid":{"rendered":"http:\/\/noticiastelered.com\/PortalDNoticias\/?p=74788"},"modified":"2023-08-10T19:26:08","modified_gmt":"2023-08-10T19:26:08","slug":"inicio-el-presidente-carlos-pena-ortiz-entrega-de-tarjetas-de-becas-universitarias","status":"publish","type":"post","link":"http:\/\/noticiastelered.com\/PortalDNoticias\/inicio-el-presidente-carlos-pena-ortiz-entrega-de-tarjetas-de-becas-universitarias\/","title":{"rendered":"Inici\u00f3 el Presidente Carlos Pe\u00f1a Ortiz entrega de tarjetas de Becas Universitarias"},"content":{"rendered":"\n<ul>\n<li>&#8220;Contamos Contigo 2023&#8221; contin\u00faa haciendo historia en la educaci\u00f3n en Reynosa.<\/li>\n<\/ul>\n\n\n\n<p>El Presidente Municipal Carlos Pe\u00f1a Ortiz dio inicio a la entrega de tarjetas de las Becas &#8220;Contamos Contigo 2023&#8221; para estudiantes universitarios, &#8220;lo mejor que podemos hacer es seguir educando a las futuras generaciones&#8221;, dijo al felicitar a quienes est\u00e1n cursando una carrera profesional para ejercerla y elevar su calidad de vida.<\/p>\n\n\n\n<p>El Programa de Becas M\u00e1s Grande en la Historia de Reynosa beneficia a m\u00e1s de 35 Mil estudiantes desde Kinder hasta Universidad, Titulaci\u00f3n Profesional, Maestr\u00eda y Doctorado, adem\u00e1s de Arte y Deporte, para impulsar la educaci\u00f3n y alejar a ni\u00f1os y j\u00f3venes de la probabilidad de las conductas antisociales.<\/p>\n\n\n\n<p>El joven Alan Lugo Miguel, estudiante de Ingenier\u00eda Industrial, fue el primero en recibir su tarjeta, donde el Municipio har\u00e1 los dep\u00f3sitos para apoyar su formaci\u00f3n acad\u00e9mica; &#8220;es importante que todos se mantengan en la escuela para que tengamos un pa\u00eds desarrollado y podamos aspirar a ser del primer mundo&#8221;, declar\u00f3 el Presidente Municipal.<\/p>\n\n\n\n<p>En la ceremonia de entrega, de este mi\u00e9rcoles 9 de agosto, acompa\u00f1aron a Carlos Pe\u00f1a Ortiz, la Secretaria de Desarrollo Social, Hidilberta Vel\u00e1zquez Mendoza; el Director de Educaci\u00f3n Municipal, Jos\u00e9 Eugenio Quir\u00f3z Longoria; Jaime Arratia Banda, Regidor Coordinador de la Comisi\u00f3n de Educaci\u00f3n en el Cabildo, S\u00edndicos y Regidores as\u00ed como funcionarios municipales.<\/p>\n","protected":false},"excerpt":{"rendered":"<p>El Presidente Municipal Carlos Pe\u00f1a Ortiz dio inicio a la entrega de tarjetas de las Becas &#8220;Contamos Contigo 2023&#8221; para estudiantes universitarios, &#8220;lo mejor que podemos hacer es seguir educando a las futuras generaciones&#8221;, dijo al felicitar a quienes est\u00e1n [&hellip;]<\/p>\n","protected":false},"author":2,"featured_media":74792,"comment_status":"open","ping_status":"open","sticky":false,"template":"","format":"standard","meta":[],"categories":[59],"tags":[],"_links":{"self":[{"href":"http:\/\/noticiastelered.com\/PortalDNoticias\/wp-json\/wp\/v2\/posts\/74788"}],"collection":[{"href":"http:\/\/noticiastelered.com\/PortalDNoticias\/wp-json\/wp\/v2\/posts"}],"about":[{"href":"http:\/\/noticiastelered.com\/PortalDNoticias\/wp-json\/wp\/v2\/types\/post"}],"author":[{"embeddable":true,"href":"http:\/\/noticiastelered.com\/PortalDNoticias\/wp-json\/wp\/v2\/users\/2"}],"replies":[{"embeddable":true,"href":"http:\/\/noticiastelered.com\/PortalDNoticias\/wp-json\/wp\/v2\/comments?post=74788"}],"version-history":[{"count":2,"href":"http:\/\/noticiastelered.com\/PortalDNoticias\/wp-json\/wp\/v2\/posts\/74788\/revisions"}],"predecessor-version":[{"id":74794,"href":"http:\/\/noticiastelered.com\/PortalDNoticias\/wp-json\/wp\/v2\/posts\/74788\/revisions\/74794"}],"wp:featuredmedia":[{"embeddable":true,"href":"http:\/\/noticiastelered.com\/PortalDNoticias\/wp-json\/wp\/v2\/media\/74792"}],"wp:attachment":[{"href":"http:\/\/noticiastelered.com\/PortalDNoticias\/wp-json\/wp\/v2\/media?parent=74788"}],"wp:term":[{"taxonomy":"category","embeddable":true,"href":"http:\/\/noticiastelered.com\/PortalDNoticias\/wp-json\/wp\/v2\/categories?post=74788"},{"taxonomy":"post_tag","embeddable":true,"href":"http:\/\/noticiastelered.com\/PortalDNoticias\/wp-json\/wp\/v2\/tags?post=74788"}],"curies":[{"name":"wp","href":"https:\/\/api.w.org\/{rel}","templated":true}]}}