{"id":74773,"date":"2023-08-10T02:17:45","date_gmt":"2023-08-10T02:17:45","guid":{"rendered":"http:\/\/noticiastelered.com\/PortalDNoticias\/?p=74773"},"modified":"2023-08-10T02:17:46","modified_gmt":"2023-08-10T02:17:46","slug":"agradece-carlos-pena-ortiz-apoyo-de-americo-durante-su-persecucion-judicial","status":"publish","type":"post","link":"http:\/\/noticiastelered.com\/PortalDNoticias\/agradece-carlos-pena-ortiz-apoyo-de-americo-durante-su-persecucion-judicial\/","title":{"rendered":"Agradece Carlos Pe\u00f1a Ortiz apoyo de Am\u00e9rico durante su persecuci\u00f3n judicial"},"content":{"rendered":"\n<p><\/p>\n\n\n\n<p>El alcalde de Reynosa, Carlos Pe\u00f1a Ortiz reconoci\u00f3 el gran apoyo recibido por parte del gobernador Am\u00e9rico Villarreal Anaya durante la persecuci\u00f3n pol\u00edtica que sufre por parte de la Fiscal\u00eda General de Justicia.<br>En ese sentido se\u00f1al\u00f3 que no tiene miedo a los amagos del pasado por las \u00f3rdenes de aprehensi\u00f3n giradas en su contra por parte de una instituci\u00f3n que es controlada por el ex gobernador Francisco Javier Garc\u00eda Cabeza de Vaca que la utiliza contra sus enemigos pol\u00edticos.<br>&#8220;Este es el costo de ser oposici\u00f3n cuando las instituciones est\u00e1n con la administraci\u00f3n que ya se fue, lo asumimos sabemos que es as\u00ed y as\u00ed va a seguir es muy evidente, en el 2021 me metieron una orden de aprensi\u00f3n durante mi campa\u00f1a, en 2022 cuando apoye al gobernador me giraron otra orden de aprensi\u00f3n, cuando trataron de sacar su carta de residencia me volvieron a meter otra orden de aprensi\u00f3n y estoy seguro que en el 2024 cuando me vuelva a reelegir me van a meter nuevamente otra orden de aprensi\u00f3n, pero es normal porque as\u00ed es este ambiente&#8221;, afirm\u00f3.<br>Dijo que el gobernador Am\u00e9rico Villarreal le Manifest\u00f3 su apoyo de manera p\u00fablica y trabaja por recuperar el restado de derecho en Tamaulipas, donde algunas instituciones fueron compradas por Cabeza de Vaca.<br>Dijo que mientras estas instituciones, como la FGJ no sean recuperadas se seguir\u00e1n presentando situaciones es de este tipo, por Lo que pidi\u00f3 a los reynosenses a no creer en todo lo que se dice, puesto que sigue trabajando y desde el estado asegur\u00f3 que se est\u00e1 haciendo todo el esfuerzo para sacar a Tamaulipas adelante, exhortando a la ciudadan\u00eda a que se sumen al trabajo que se est\u00e1 haciendo desde los municipios, explic\u00f3 que no s\u00f3lo \u00e9l est\u00e1 en esta posici\u00f3n, sino, son m\u00e1s ediles que est\u00e1n en esta misma situaci\u00f3n.<\/p>\n\n\n\n<figure class=\"wp-block-video\"><video controls src=\"http:\/\/noticiastelered.com\/PortalDNoticias\/wp-content\/uploads\/2023\/08\/trim.4BAACE5B-1D7A-488F-9155-147E6D61A486.mov\"><\/video><\/figure>\n","protected":false},"excerpt":{"rendered":"<p>El alcalde de Reynosa, Carlos Pe\u00f1a Ortiz reconoci\u00f3 el gran apoyo recibido por parte del gobernador Am\u00e9rico Villarreal Anaya durante la persecuci\u00f3n pol\u00edtica que sufre por parte de la Fiscal\u00eda General de Justicia.En ese sentido se\u00f1al\u00f3 que no tiene miedo [&hellip;]<\/p>\n","protected":false},"author":7,"featured_media":74776,"comment_status":"open","ping_status":"open","sticky":false,"template":"","format":"standard","meta":[],"categories":[59],"tags":[],"_links":{"self":[{"href":"http:\/\/noticiastelered.com\/PortalDNoticias\/wp-json\/wp\/v2\/posts\/74773"}],"collection":[{"href":"http:\/\/noticiastelered.com\/PortalDNoticias\/wp-json\/wp\/v2\/posts"}],"about":[{"href":"http:\/\/noticiastelered.com\/PortalDNoticias\/wp-json\/wp\/v2\/types\/post"}],"author":[{"embeddable":true,"href":"http:\/\/noticiastelered.com\/PortalDNoticias\/wp-json\/wp\/v2\/users\/7"}],"replies":[{"embeddable":true,"href":"http:\/\/noticiastelered.com\/PortalDNoticias\/wp-json\/wp\/v2\/comments?post=74773"}],"version-history":[{"count":1,"href":"http:\/\/noticiastelered.com\/PortalDNoticias\/wp-json\/wp\/v2\/posts\/74773\/revisions"}],"predecessor-version":[{"id":74778,"href":"http:\/\/noticiastelered.com\/PortalDNoticias\/wp-json\/wp\/v2\/posts\/74773\/revisions\/74778"}],"wp:featuredmedia":[{"embeddable":true,"href":"http:\/\/noticiastelered.com\/PortalDNoticias\/wp-json\/wp\/v2\/media\/74776"}],"wp:attachment":[{"href":"http:\/\/noticiastelered.com\/PortalDNoticias\/wp-json\/wp\/v2\/media?parent=74773"}],"wp:term":[{"taxonomy":"category","embeddable":true,"href":"http:\/\/noticiastelered.com\/PortalDNoticias\/wp-json\/wp\/v2\/categories?post=74773"},{"taxonomy":"post_tag","embeddable":true,"href":"http:\/\/noticiastelered.com\/PortalDNoticias\/wp-json\/wp\/v2\/tags?post=74773"}],"curies":[{"name":"wp","href":"https:\/\/api.w.org\/{rel}","templated":true}]}}