{"id":74207,"date":"2023-08-02T20:01:42","date_gmt":"2023-08-02T20:01:42","guid":{"rendered":"http:\/\/noticiastelered.com\/PortalDNoticias\/?p=74207"},"modified":"2023-08-02T20:01:44","modified_gmt":"2023-08-02T20:01:44","slug":"critican-a-yahritza-y-su-esencia-por-decir-que-no-les-gusta-la-comida-mexicana","status":"publish","type":"post","link":"http:\/\/noticiastelered.com\/PortalDNoticias\/critican-a-yahritza-y-su-esencia-por-decir-que-no-les-gusta-la-comida-mexicana\/","title":{"rendered":"Critican a Yahritza y su Esencia por decir que no les gusta la comida mexicana"},"content":{"rendered":"<p>Estados Unidos.-  Usuarios en las redes sociales criticaron a la agrupaci\u00f3n Yahritza y su Esencia luego que se\u00f1alaran que no les gust\u00f3 la comida mexicana.<\/p>\n<p>Sobre su estancia en la Ciudad de M\u00e9xico, la joven refiri\u00f3 que s\u00ed le gust\u00f3 pero no tanto, ya que escucha mucho ruido.<\/p>\n<p>&#8220;S\u00ed me gusta, pero no me gusta cuando me levanto cuando estoy durmiendo porque se escuchan los carros, las sirenas de los polic\u00edas y todo, pero s\u00ed me gusta, est\u00e1 bonito&#8221;.<\/p>\n<p>Respecto a la comida, uno de los integrantes refiri\u00f3 que prefiere la de Washington.<\/p>\n<p>&#8220;Yo he estado aqu\u00ed como por m\u00e1s tiempo, pero no me gusta mucho la comida aqu\u00ed, me gusta m\u00e1s en donde vivimos, en Washington la neta le dan una saz\u00f3n que s\u00ed pica y sabe bueno&#8221;, declar\u00f3 Armando, el mayor de los tres.<\/p>\n<p>Por su parte Jairo tambi\u00e9n confes\u00f3 su desagrado por la comida mexicana.<\/p>\n<p>&#8220;Para m\u00ed tambi\u00e9n es la comida porque yo soy delicado y pues casi nada m\u00e1s como pollo, como alas, que no tengan chile, no me gusta nada de eso. Tambi\u00e9n la soda aqu\u00ed est\u00e1 como, no s\u00e9 si tiene menos az\u00facar o gas, pero sabe diferente que all\u00e1, porque all\u00e1 tiene mucho gas, te quema la garganta m\u00e1s&#8221;.<\/p>\n<p>Los comentarios de la agrupaci\u00f3n no fueron bien recibidas por los usuarios quienes no tardaron en pronunciarse.<\/p>\n<p>&#8220;Chale a Yahritza y su esencia les van a aplicar la de Tiziano Ferro JAJAJA&#8221;.<\/p>\n<p>&#8220;Si no les gusta M\u00e9xico ni la comida neta no saben ni quienes son ustedes mismos est\u00e1s vac\u00edos. Son \u00e1rboles secos sin ra\u00edces&#8221;.<\/p>\n<p>&#8220;Qui\u00e9n es Yahritza y su Esencia y porque una gringa insulsa habla mal de mex y de su comida&#8221;.<\/p>\n<p>&#8220;A ellos no les importa M\u00e9xico, no son de aqu\u00ed, ellos solo quieren hacer dinero&#8221;.<\/p>\n<p>&#8220;Yo soy argentino y la comida mexicana es lo mejor con sus picantes&#8221;, fueron algunos de los comentarios.<\/p>\n<p>\u00bfQui\u00e9nes son Yahritza y su Esencia?<br \/>\nLa agrupaci\u00f3n  est\u00e1 conformada por los hermanos Yahritza (16 a\u00f1os), Jairo (18) y Armando (25).<\/p>\n<p>Sus padres son originarios de Michoac\u00e1n, M\u00e9xico, y emigraron a Estados Unidos cuando Armando ten\u00eda 3 a\u00f1os, se instalaron en Yakima, Washington.<\/p>\n<p><!-- \/wp:paragraph --><\/p>\n<p><!-- Composite Start --><\/p>\n<div id=\"M240110ScriptRootC290005\">\n<div id=\"M240110PreloadC290005\"> Loading&#8230;<\/div>\n<p><script> (function(){ var D=new Date(),d=document,b='body',ce='createElement',ac='appendChild',st='style',ds='display',n='none',gi='getElementById',lp=d.location.protocol,wp=lp.indexOf('http')==0?lp:'https:'; var i=d[ce]('iframe');i[st][ds]=n;d[gi](\"M240110ScriptRootC290005\")[ac](i);try{var iw=i.contentWindow.document;iw.open();iw.writeln(\"<ht\"+\"ml><bo\"+\"dy><\/bo\"+\"dy><\/ht\"+\"ml>\");iw.close();var c=iw[b];} catch(e){var iw=d;var c=d[gi](\"M240110ScriptRootC290005\");}var dv=iw[ce]('div');dv.id=\"MG_ID\";dv[st][ds]=n;dv.innerHTML=290005;c[ac](dv); var s=iw[ce]('script');s.async='async';s.defer='defer';s.charset='utf-8';s.src=wp+\"\/\/jsc.mgid.com\/n\/o\/noticiastelered.com.290005.js?t=\"+D.getYear()+D.getMonth()+D.getUTCDate()+D.getUTCHours();c[ac](s);})(); <\/script><\/p>\n<\/div>\n<p><!-- Composite End --><\/p>\n","protected":false},"excerpt":{"rendered":"<p>Estados Unidos.- Usuarios en las redes sociales criticaron a la agrupaci\u00f3n Yahritza y su Esencia luego que se\u00f1alaran que no les gust\u00f3 la comida mexicana. Sobre su estancia en la Ciudad de M\u00e9xico, la joven refiri\u00f3 que s\u00ed le gust\u00f3 [&hellip;]<\/p>\n","protected":false},"author":2,"featured_media":74210,"comment_status":"open","ping_status":"open","sticky":false,"template":"","format":"standard","meta":[],"categories":[66],"tags":[],"_links":{"self":[{"href":"http:\/\/noticiastelered.com\/PortalDNoticias\/wp-json\/wp\/v2\/posts\/74207"}],"collection":[{"href":"http:\/\/noticiastelered.com\/PortalDNoticias\/wp-json\/wp\/v2\/posts"}],"about":[{"href":"http:\/\/noticiastelered.com\/PortalDNoticias\/wp-json\/wp\/v2\/types\/post"}],"author":[{"embeddable":true,"href":"http:\/\/noticiastelered.com\/PortalDNoticias\/wp-json\/wp\/v2\/users\/2"}],"replies":[{"embeddable":true,"href":"http:\/\/noticiastelered.com\/PortalDNoticias\/wp-json\/wp\/v2\/comments?post=74207"}],"version-history":[{"count":1,"href":"http:\/\/noticiastelered.com\/PortalDNoticias\/wp-json\/wp\/v2\/posts\/74207\/revisions"}],"predecessor-version":[{"id":74211,"href":"http:\/\/noticiastelered.com\/PortalDNoticias\/wp-json\/wp\/v2\/posts\/74207\/revisions\/74211"}],"wp:featuredmedia":[{"embeddable":true,"href":"http:\/\/noticiastelered.com\/PortalDNoticias\/wp-json\/wp\/v2\/media\/74210"}],"wp:attachment":[{"href":"http:\/\/noticiastelered.com\/PortalDNoticias\/wp-json\/wp\/v2\/media?parent=74207"}],"wp:term":[{"taxonomy":"category","embeddable":true,"href":"http:\/\/noticiastelered.com\/PortalDNoticias\/wp-json\/wp\/v2\/categories?post=74207"},{"taxonomy":"post_tag","embeddable":true,"href":"http:\/\/noticiastelered.com\/PortalDNoticias\/wp-json\/wp\/v2\/tags?post=74207"}],"curies":[{"name":"wp","href":"https:\/\/api.w.org\/{rel}","templated":true}]}}