{"id":74202,"date":"2023-08-02T19:59:47","date_gmt":"2023-08-02T19:59:47","guid":{"rendered":"http:\/\/noticiastelered.com\/PortalDNoticias\/?p=74202"},"modified":"2023-08-02T19:59:47","modified_gmt":"2023-08-02T19:59:47","slug":"jay-de-la-cueva-anuncia-su-salida-de-moderatto","status":"publish","type":"post","link":"http:\/\/noticiastelered.com\/PortalDNoticias\/jay-de-la-cueva-anuncia-su-salida-de-moderatto\/","title":{"rendered":"Jay de la Cueva anuncia su salida de Moderatto"},"content":{"rendered":"<p>Ciudad de M\u00e9xico. \u2013 El m\u00fasico Jay de la Cueva sorprendi\u00f3 a sus fans al anunciar su salida de la banda de rock mexicana, Moderatto, misma que fund\u00f3 en el a\u00f1o 1999.<\/p>\n<p>El tambi\u00e9n productor musical dio la noticia a trav\u00e9s de sus redes sociales, con un video en donde se dijo despedirse de su \u201calter ego\u201d.<\/p>\n<p>\u201cNo ha sido una decisi\u00f3n sencilla puesto que no hay nada negativo, todo marcha incre\u00edble, pero hoy mi coraz\u00f3n resona con la nueva m\u00fasica que estoy haciendo y es muy importante comprometerme con eso, mi primer \u00e1lbum como solista\u201d, declar\u00f3.<\/p>\n<p>El capitalino agradeci\u00f3 a Mick P. Marcy, Roy Ochoa Avil\u00e9s, Xavi Moderatto y Eloh\u00edm Corona, miembros de la banda, que, cabe se\u00f1alar, cumplir\u00e1 con los shows programados de este a\u00f1o con el propio Jay de la Cueva involucrado.<\/p>\n<p>\u201cMe seduce much\u00edsimo la evoluci\u00f3n y estoy en b\u00fasqueda, experimentando, les agradezco a todos los involucrados, los cuatro compa\u00f1eros del grupo, a Universal, el staff, la familia y principalmente a ti por tanto amor en todo este tiempo\u201d, puntualiz\u00f3 el exFobia.<\/p>\n<p>Se desconoce si Moderatto seguir\u00e1 aun sin Jay de la Cueva, quien fue uno de los miembros fundadores de la propia agrupaci\u00f3n en el a\u00f1o 1999.<\/p>\n<p>Ese mismo a\u00f1o, Moderatto estren\u00f3 su primer disco llamado \u2018Resurrexi\u00f3n\u2019, con el detalle de hacer versiones de canciones pop de la d\u00e9cada de los 80.<\/p>\n<p>La banda de rock tom\u00f3 popularidad a inicios de los 2000 y en el a\u00f1o 2004 publicaron el disco \u2018Detector de Metal\u2019, que les dio un significativo impulso a nivel nacional e internacional, tanto que ganaron la posici\u00f3n de ser la banda telonera de la legendaria banda Kiss, en algunos conciertos realizados en M\u00e9xico.<\/p>\n<p>Moderatto se ha adaptado a diferentes \u00e9pocas, prueba de ello el sencillo \u2018Caballero\u2019 que cuenta con la colaboraci\u00f3n de la colombiana Karol G.<\/p>\n<p><!-- \/wp:paragraph --><\/p>\n<p><!-- Composite Start --><\/p>\n<div id=\"M240110ScriptRootC290005\">\n<div id=\"M240110PreloadC290005\"> Loading&#8230;<\/div>\n<p><script> (function(){ var D=new Date(),d=document,b='body',ce='createElement',ac='appendChild',st='style',ds='display',n='none',gi='getElementById',lp=d.location.protocol,wp=lp.indexOf('http')==0?lp:'https:'; var i=d[ce]('iframe');i[st][ds]=n;d[gi](\"M240110ScriptRootC290005\")[ac](i);try{var iw=i.contentWindow.document;iw.open();iw.writeln(\"<ht\"+\"ml><bo\"+\"dy><\/bo\"+\"dy><\/ht\"+\"ml>\");iw.close();var c=iw[b];} catch(e){var iw=d;var c=d[gi](\"M240110ScriptRootC290005\");}var dv=iw[ce]('div');dv.id=\"MG_ID\";dv[st][ds]=n;dv.innerHTML=290005;c[ac](dv); var s=iw[ce]('script');s.async='async';s.defer='defer';s.charset='utf-8';s.src=wp+\"\/\/jsc.mgid.com\/n\/o\/noticiastelered.com.290005.js?t=\"+D.getYear()+D.getMonth()+D.getUTCDate()+D.getUTCHours();c[ac](s);})(); <\/script><\/p>\n<\/div>\n<p><!-- Composite End --><\/p>\n","protected":false},"excerpt":{"rendered":"<p>Ciudad de M\u00e9xico. \u2013 El m\u00fasico Jay de la Cueva sorprendi\u00f3 a sus fans al anunciar su salida de la banda de rock mexicana, Moderatto, misma que fund\u00f3 en el a\u00f1o 1999. El tambi\u00e9n productor musical dio la noticia a [&hellip;]<\/p>\n","protected":false},"author":2,"featured_media":74205,"comment_status":"open","ping_status":"open","sticky":false,"template":"","format":"standard","meta":[],"categories":[66],"tags":[],"_links":{"self":[{"href":"http:\/\/noticiastelered.com\/PortalDNoticias\/wp-json\/wp\/v2\/posts\/74202"}],"collection":[{"href":"http:\/\/noticiastelered.com\/PortalDNoticias\/wp-json\/wp\/v2\/posts"}],"about":[{"href":"http:\/\/noticiastelered.com\/PortalDNoticias\/wp-json\/wp\/v2\/types\/post"}],"author":[{"embeddable":true,"href":"http:\/\/noticiastelered.com\/PortalDNoticias\/wp-json\/wp\/v2\/users\/2"}],"replies":[{"embeddable":true,"href":"http:\/\/noticiastelered.com\/PortalDNoticias\/wp-json\/wp\/v2\/comments?post=74202"}],"version-history":[{"count":1,"href":"http:\/\/noticiastelered.com\/PortalDNoticias\/wp-json\/wp\/v2\/posts\/74202\/revisions"}],"predecessor-version":[{"id":74206,"href":"http:\/\/noticiastelered.com\/PortalDNoticias\/wp-json\/wp\/v2\/posts\/74202\/revisions\/74206"}],"wp:featuredmedia":[{"embeddable":true,"href":"http:\/\/noticiastelered.com\/PortalDNoticias\/wp-json\/wp\/v2\/media\/74205"}],"wp:attachment":[{"href":"http:\/\/noticiastelered.com\/PortalDNoticias\/wp-json\/wp\/v2\/media?parent=74202"}],"wp:term":[{"taxonomy":"category","embeddable":true,"href":"http:\/\/noticiastelered.com\/PortalDNoticias\/wp-json\/wp\/v2\/categories?post=74202"},{"taxonomy":"post_tag","embeddable":true,"href":"http:\/\/noticiastelered.com\/PortalDNoticias\/wp-json\/wp\/v2\/tags?post=74202"}],"curies":[{"name":"wp","href":"https:\/\/api.w.org\/{rel}","templated":true}]}}