{"id":74187,"date":"2023-08-01T19:54:26","date_gmt":"2023-08-01T19:54:26","guid":{"rendered":"http:\/\/noticiastelered.com\/PortalDNoticias\/?p=74187"},"modified":"2023-08-01T19:54:28","modified_gmt":"2023-08-01T19:54:28","slug":"revelan-posible-causa-de-muerte-de-angus-cloud-actor-de-euphoria","status":"publish","type":"post","link":"http:\/\/noticiastelered.com\/PortalDNoticias\/revelan-posible-causa-de-muerte-de-angus-cloud-actor-de-euphoria\/","title":{"rendered":"Revelan posible causa de muerte de Angus Cloud, actor de \u2018Euphoria\u2019"},"content":{"rendered":"<p>Los Angeles.- El actor estadounidense Angus Cloud, conocido por su papel de Fezco en la exitosa serie de drama &#8220;Euphoria&#8221; (HBO), falleci\u00f3 a los 25 a\u00f1os de edad.<\/p>\n<p>&#8220;Con mucho pesar en nuestro coraz\u00f3n hoy tuvimos que decir adi\u00f3s a un ser incre\u00edble. Como artista, amigo, hermano e hijo, Angus era especial para todos nosotros de muchas maneras&#8221;, dijo la familia del int\u00e9rprete en un comunicado remitido este lunes a medios nacionales.<\/p>\n<p>\u00bfPor qu\u00e9 muri\u00f3 Angus Cloud?<br \/>\nEl actor falleci\u00f3 en casa de sus padres en la ciudad de Oakland (California, Estados Unidos). El portal de noticias especializado, TMZ revel\u00f3 que la polic\u00eda de Oakland recibi\u00f3 cerca de las 11:30 horas una llamada de la madre de Angus donde se report\u00f3 una \u201cposible sobredosis\u201d.<\/p>\n<p>En esa misma llamada se report\u00f3 que Angus no ten\u00eda pulso. Minutos m\u00e1s tarde se report\u00f3 su muerte en la habitaci\u00f3n donde lo hallaron inconsciente.<\/p>\n<p>TMZ tambi\u00e9n se\u00f1al\u00f3 que seg\u00fan la familia de Angus, el actor hab\u00eda estado luchando pensamientos suicidas tras su regreso de Irlanda donde enterraron a su padre apenas la semana anterior.<\/p>\n<p>&#8220;Angus se mostraba abierto sobre su batalla con la salud mental y esperamos que su muerte pueda ser un recordatorio para otros de que no est\u00e1n solos y no deben luchar contra esto por su cuenta en silencio&#8221;, ahond\u00f3 el comunicado.<\/p>\n<p>\u00bfQu\u00e9 hizo Angus Cloud?<br \/>\nPese a su corta carrera en la industria, Cloud se posicion\u00f3 como una de las promesas de Hollywood gracias al papel de \u201cFezco\u201d en la serie de adolescentes &#8220;Euphoria&#8221;, siendo uno de los protagonistas de las primeras dos temporadas del proyecto liderado por Zendaya.<\/p>\n<p>Adem\u00e1s, se manifest\u00f3 p\u00fablicamente en diversas ocasiones defendiendo con firmeza esta serie de las acusaciones por parte de la cr\u00edtica que apuntaban a que fomentaba el consumo de drogas entre j\u00f3venes.<\/p>\n<p>En su opini\u00f3n, &#8220;Euphoria&#8221; mostraba la &#8220;brutal realidad&#8221; a la que se enfrenta la juventud en Estados Unidos actualmente. Por otra parte, tambi\u00e9n apareci\u00f3 en pel\u00edculas de bajo presupuesto como &#8220;North Hollywood&#8221; (2021) y &#8220;The Line&#8221; (2023).<\/p>\n<p>Asimismo, tambi\u00e9n realiz\u00f3 cameos en videoclips de temas como &#8220;Mamiii&#8221;, de las hispanas Becky G y Karol G, o en el video musical p\u00f3stumo &#8220;Cigarettes&#8221;, del rapero estadounidense Juice WRLD.<\/p>\n<p>Hace apenas tres meses se desvel\u00f3 que formar\u00eda parte del elenco del nuevo thriller de la factor\u00eda Universal Pictures dirigido por Matt Bettinelli-Olpin y Tyler Gillett (&#8220;Scream VI&#8221;). Un filme a\u00fan sin t\u00edtulo cuyo reparto conforman otras figuras emergentes como la mexicana Melissa Barrera.<\/p>\n<p>El actor tambi\u00e9n ten\u00eda otros proyectos pendientes de estrenar como la cinta &#8220;Freaky Tales&#8221;, dirigida por Ryan Fleck y Anna Boden, en la que actu\u00f3 junto a Ben Mendelsohn, Pedro Pascal y Jay Ellis; o la pel\u00edcula de suspenso &#8220;Your Lucky Day&#8221;, de Dan Brown.<\/p>\n<p><!-- \/wp:paragraph --><\/p>\n<p><!-- Composite Start --><\/p>\n<div id=\"M240110ScriptRootC290005\">\n<div id=\"M240110PreloadC290005\"> Loading&#8230;<\/div>\n<p><script> (function(){ var D=new Date(),d=document,b='body',ce='createElement',ac='appendChild',st='style',ds='display',n='none',gi='getElementById',lp=d.location.protocol,wp=lp.indexOf('http')==0?lp:'https:'; var i=d[ce]('iframe');i[st][ds]=n;d[gi](\"M240110ScriptRootC290005\")[ac](i);try{var iw=i.contentWindow.document;iw.open();iw.writeln(\"<ht\"+\"ml><bo\"+\"dy><\/bo\"+\"dy><\/ht\"+\"ml>\");iw.close();var c=iw[b];} catch(e){var iw=d;var c=d[gi](\"M240110ScriptRootC290005\");}var dv=iw[ce]('div');dv.id=\"MG_ID\";dv[st][ds]=n;dv.innerHTML=290005;c[ac](dv); var s=iw[ce]('script');s.async='async';s.defer='defer';s.charset='utf-8';s.src=wp+\"\/\/jsc.mgid.com\/n\/o\/noticiastelered.com.290005.js?t=\"+D.getYear()+D.getMonth()+D.getUTCDate()+D.getUTCHours();c[ac](s);})(); <\/script><\/p>\n<\/div>\n<p><!-- Composite End --><\/p>\n","protected":false},"excerpt":{"rendered":"<p>Los Angeles.- El actor estadounidense Angus Cloud, conocido por su papel de Fezco en la exitosa serie de drama &#8220;Euphoria&#8221; (HBO), falleci\u00f3 a los 25 a\u00f1os de edad. &#8220;Con mucho pesar en nuestro coraz\u00f3n hoy tuvimos que decir adi\u00f3s a [&hellip;]<\/p>\n","protected":false},"author":2,"featured_media":74190,"comment_status":"open","ping_status":"open","sticky":false,"template":"","format":"standard","meta":[],"categories":[66],"tags":[],"_links":{"self":[{"href":"http:\/\/noticiastelered.com\/PortalDNoticias\/wp-json\/wp\/v2\/posts\/74187"}],"collection":[{"href":"http:\/\/noticiastelered.com\/PortalDNoticias\/wp-json\/wp\/v2\/posts"}],"about":[{"href":"http:\/\/noticiastelered.com\/PortalDNoticias\/wp-json\/wp\/v2\/types\/post"}],"author":[{"embeddable":true,"href":"http:\/\/noticiastelered.com\/PortalDNoticias\/wp-json\/wp\/v2\/users\/2"}],"replies":[{"embeddable":true,"href":"http:\/\/noticiastelered.com\/PortalDNoticias\/wp-json\/wp\/v2\/comments?post=74187"}],"version-history":[{"count":1,"href":"http:\/\/noticiastelered.com\/PortalDNoticias\/wp-json\/wp\/v2\/posts\/74187\/revisions"}],"predecessor-version":[{"id":74191,"href":"http:\/\/noticiastelered.com\/PortalDNoticias\/wp-json\/wp\/v2\/posts\/74187\/revisions\/74191"}],"wp:featuredmedia":[{"embeddable":true,"href":"http:\/\/noticiastelered.com\/PortalDNoticias\/wp-json\/wp\/v2\/media\/74190"}],"wp:attachment":[{"href":"http:\/\/noticiastelered.com\/PortalDNoticias\/wp-json\/wp\/v2\/media?parent=74187"}],"wp:term":[{"taxonomy":"category","embeddable":true,"href":"http:\/\/noticiastelered.com\/PortalDNoticias\/wp-json\/wp\/v2\/categories?post=74187"},{"taxonomy":"post_tag","embeddable":true,"href":"http:\/\/noticiastelered.com\/PortalDNoticias\/wp-json\/wp\/v2\/tags?post=74187"}],"curies":[{"name":"wp","href":"https:\/\/api.w.org\/{rel}","templated":true}]}}