{"id":74177,"date":"2023-08-01T19:35:52","date_gmt":"2023-08-01T19:35:52","guid":{"rendered":"http:\/\/noticiastelered.com\/PortalDNoticias\/?p=74177"},"modified":"2023-08-01T19:35:53","modified_gmt":"2023-08-01T19:35:53","slug":"mata-a-su-jefe-tira-el-cuerpo-en-un-tambo-y-se-lleva-sus-camionetas","status":"publish","type":"post","link":"http:\/\/noticiastelered.com\/PortalDNoticias\/mata-a-su-jefe-tira-el-cuerpo-en-un-tambo-y-se-lleva-sus-camionetas\/","title":{"rendered":"Mata a su jefe, tira el cuerpo en un tambo y se lleva sus camionetas"},"content":{"rendered":"<p>CIUDAD DE M\u00c9XICO.-  El detenido se encuentra en el Centro de Reinserci\u00f3n Social No. 1 en Apodaca, Nuevo Le\u00f3n, donde permanecer\u00e1 mientras sigue el curso de las investigaciones.<\/p>\n<p>Un sujeto de 37 a\u00f1os fue detenido en Monterrey, Nuevo Le\u00f3n, por presuntamente haber asesinado a su jefe en el municipio de San Nicol\u00e1s.<\/p>\n<p>La Fiscal\u00eda General de Justicia de Nuevo Le\u00f3n inform\u00f3 el cumplimiento de la orden de aprehensi\u00f3n contra el sujeto identificado como Amadeo \u201cN\u201d, quien fue capturado el pasado 29 de julio en la calle Marcelo Garza y Garza, colonia Urdiales, en la capital del estado.<\/p>\n<p>Mediante una ficha informativa, se dio a conocer que el hombre est\u00e1 relacionado con la desaparici\u00f3n y robo de pertenec\u00edas de su jefe, de profesi\u00f3n arquitecto, en evento ocurrido el 17 de julio del presente a\u00f1o.<\/p>\n<p>Se mencion\u00f3 que Amadeo \u201cN\u201d habr\u00eda agredido en el interior de un domicilio al hoy occiso, cuyo cuerpo fue depositado al interior de un tambo met\u00e1lico.<\/p>\n<p>Los restos mortales del profesionista fueron encontrados hasta el 27 de julio del presente 2023, esto en una zona despoblada aleda\u00f1a a la Autopista al Perif\u00e9rico y la Carretera a Laredo en Apodaca.<\/p>\n<p>Asimismo, elementos de la Fiscal\u00eda Especializada Antisecuestros lograron recuperar dos camionetas: una Ford Raptor y otra Nissan NP 300, que pertenec\u00edan a la v\u00edctima y que hab\u00edan sido robadas por el ahora investigado.<\/p>\n<p>Amadeo \u201cN\u201d no solo se llev\u00f3 los veh\u00edculos de su v\u00edctima, sino tambi\u00e9n diversa joyer\u00eda, varias pertenec\u00edas de valor  y un aproximado de 60 mil pesos en efectivo, todo esto recuperado por las autoridades.<\/p>\n<p>Actualmente, el detenido se encuentra en el Centro de Reinserci\u00f3n Social No. 1 en Apodaca, Nuevo Le\u00f3n, donde permanecer\u00e1 mientras sigue el curso de las investigaciones referentes a los temas en los que se encuentra involucrado.<\/p>\n<p>Detienen a presunto homicida de hombre que intent\u00f3 frustrar asalto en Ecov\u00eda<\/p>\n<p>Un hombre que presuntamente asesin\u00f3 a una persona que intent\u00f3 evitar un asalto en la terminal de la Ecov\u00eda en Lincoln el pasado 21 de julio, fue detenido por elementos  de la Agencia Estatal de Investigaciones (AEI).<\/p>\n<p>El hombre se identific\u00f3 como Roberto Esa\u00fa \u201cN\u201d, de 37 a\u00f1os de edad, y fue capturado en la calle Volc\u00e1n del Ajusco, entre la avenida Gonzalitos y la calle El Roble, en la colonia Urdiales en el municipio de Monterrey, Nuevo Le\u00f3n.<\/p>\n<p>Al igual que c\u00f3mo ocurri\u00f3 en el caso anterior, Roberto Esa\u00fa fue internado en el Centro de Reinserci\u00f3n Social No.1, ubicado en el municipio de Apodaca, donde un juez determinar\u00e1 su situaci\u00f3n jur\u00eddica.<\/p>\n<p><!-- \/wp:paragraph --><\/p>\n<p><!-- Composite Start --><\/p>\n<div id=\"M240110ScriptRootC290005\">\n<div id=\"M240110PreloadC290005\"> Loading&#8230;<\/div>\n<p><script> (function(){ var D=new Date(),d=document,b='body',ce='createElement',ac='appendChild',st='style',ds='display',n='none',gi='getElementById',lp=d.location.protocol,wp=lp.indexOf('http')==0?lp:'https:'; var i=d[ce]('iframe');i[st][ds]=n;d[gi](\"M240110ScriptRootC290005\")[ac](i);try{var iw=i.contentWindow.document;iw.open();iw.writeln(\"<ht\"+\"ml><bo\"+\"dy><\/bo\"+\"dy><\/ht\"+\"ml>\");iw.close();var c=iw[b];} catch(e){var iw=d;var c=d[gi](\"M240110ScriptRootC290005\");}var dv=iw[ce]('div');dv.id=\"MG_ID\";dv[st][ds]=n;dv.innerHTML=290005;c[ac](dv); var s=iw[ce]('script');s.async='async';s.defer='defer';s.charset='utf-8';s.src=wp+\"\/\/jsc.mgid.com\/n\/o\/noticiastelered.com.290005.js?t=\"+D.getYear()+D.getMonth()+D.getUTCDate()+D.getUTCHours();c[ac](s);})(); <\/script><\/p>\n<\/div>\n<p><!-- Composite End --><\/p>\n","protected":false},"excerpt":{"rendered":"<p>CIUDAD DE M\u00c9XICO.- El detenido se encuentra en el Centro de Reinserci\u00f3n Social No. 1 en Apodaca, Nuevo Le\u00f3n, donde permanecer\u00e1 mientras sigue el curso de las investigaciones. Un sujeto de 37 a\u00f1os fue detenido en Monterrey, Nuevo Le\u00f3n, por [&hellip;]<\/p>\n","protected":false},"author":2,"featured_media":74180,"comment_status":"open","ping_status":"open","sticky":false,"template":"","format":"standard","meta":[],"categories":[60],"tags":[],"_links":{"self":[{"href":"http:\/\/noticiastelered.com\/PortalDNoticias\/wp-json\/wp\/v2\/posts\/74177"}],"collection":[{"href":"http:\/\/noticiastelered.com\/PortalDNoticias\/wp-json\/wp\/v2\/posts"}],"about":[{"href":"http:\/\/noticiastelered.com\/PortalDNoticias\/wp-json\/wp\/v2\/types\/post"}],"author":[{"embeddable":true,"href":"http:\/\/noticiastelered.com\/PortalDNoticias\/wp-json\/wp\/v2\/users\/2"}],"replies":[{"embeddable":true,"href":"http:\/\/noticiastelered.com\/PortalDNoticias\/wp-json\/wp\/v2\/comments?post=74177"}],"version-history":[{"count":1,"href":"http:\/\/noticiastelered.com\/PortalDNoticias\/wp-json\/wp\/v2\/posts\/74177\/revisions"}],"predecessor-version":[{"id":74181,"href":"http:\/\/noticiastelered.com\/PortalDNoticias\/wp-json\/wp\/v2\/posts\/74177\/revisions\/74181"}],"wp:featuredmedia":[{"embeddable":true,"href":"http:\/\/noticiastelered.com\/PortalDNoticias\/wp-json\/wp\/v2\/media\/74180"}],"wp:attachment":[{"href":"http:\/\/noticiastelered.com\/PortalDNoticias\/wp-json\/wp\/v2\/media?parent=74177"}],"wp:term":[{"taxonomy":"category","embeddable":true,"href":"http:\/\/noticiastelered.com\/PortalDNoticias\/wp-json\/wp\/v2\/categories?post=74177"},{"taxonomy":"post_tag","embeddable":true,"href":"http:\/\/noticiastelered.com\/PortalDNoticias\/wp-json\/wp\/v2\/tags?post=74177"}],"curies":[{"name":"wp","href":"https:\/\/api.w.org\/{rel}","templated":true}]}}