{"id":74172,"date":"2023-08-01T19:27:38","date_gmt":"2023-08-01T19:27:38","guid":{"rendered":"http:\/\/noticiastelered.com\/PortalDNoticias\/?p=74172"},"modified":"2023-08-01T19:27:39","modified_gmt":"2023-08-01T19:27:39","slug":"aumentan-casos-de-covid-19-advierte-la-unam-pide-regresar-al-uso-de-cubrebocas","status":"publish","type":"post","link":"http:\/\/noticiastelered.com\/PortalDNoticias\/aumentan-casos-de-covid-19-advierte-la-unam-pide-regresar-al-uso-de-cubrebocas\/","title":{"rendered":"Aumentan casos de Covid-19, advierte la UNAM; pide regresar al uso de cubrebocas"},"content":{"rendered":"<p>M\u00c9XICO.- La Universidad Nacional Aut\u00f3noma de M\u00e9xico (UNAM) ha emitido una alerta en la que insiste a la poblaci\u00f3n a retomar el uso del cubrebocas, a pesar de que desde el pasado mes de octubre el gobierno mexicano hab\u00eda levantado la obligatoriedad de su uso en espacios cerrados debido a la pandemia del COVID-19. El comunicado publicado a trav\u00e9s de las redes sociales de la instituci\u00f3n destaca los cambios recientes en el comportamiento del virus en el pa\u00eds.<\/p>\n<p>El comunicado de la UNAM advierte que en las \u00faltimas semanas se ha registrado un aumento en el n\u00famero de casos y en la positividad de las pruebas de diagn\u00f3stico, lo que sugiere que el virus est\u00e1 circulando gran parte a nivel comunitario en gran parte del pa\u00eds. Esta situaci\u00f3n ha llevado a la universidad a tomar medidas preventivas para proteger a su comunidad universitaria ya la poblaci\u00f3n en general.<\/p>\n<p>\u201cEn las \u00faltimas semanas se han registrado cambios en el comportamiento de COVID-19 en nuestro pa\u00eds, espec\u00edficamente respecto al n\u00famero de casos y la positividad de las pruebas de diagn\u00f3stico, lo que revela que el virus circula ampliamente a nivel comunitario en gran parte del pa\u00eds\u201d, dice su comunicado.<\/p>\n<p>En el documento, la UNAM hace un llamado a la poblaci\u00f3n para que contin\u00faen con las medidas generales de prevenci\u00f3n de contagios y complicaciones por el COVID-19. Entre estas recomendaciones, se enfatiza en que las personas que presentan s\u00edntomas de enfermedad respiratoria aguda deben procurar aislarse, as\u00ed como el uso constante del cubrebocas en caso de tener s\u00edntomas respiratorios. Tambi\u00e9n se sugiere utilizar el cubrebocas al permanecer con varias personas durante m\u00e1s de 30 minutos en lugares cerrados, lo que busca reducir el riesgo de propagaci\u00f3n del virus en ambientes concurridos.<\/p>\n<p>Adem\u00e1s, la UNAM sugiere que ante la presencia de uno o varios casos simult\u00e1neos en una misma \u00e1rea de trabajo o actividad acad\u00e9mica, las personas enfermas se a\u00edslen de tres a cinco d\u00edas para evitar la propagaci\u00f3n del virus entre sus compa\u00f1eros. Por \u00faltimo, se enfatiza en la importancia de mantener una higiene adecuada tanto individual como del mobiliario e instalaciones para prevenir la transmisi\u00f3n del virus.<\/p>\n<p><!-- \/wp:paragraph --><\/p>\n<p><!-- Composite Start --><\/p>\n<div id=\"M240110ScriptRootC290005\">\n<div id=\"M240110PreloadC290005\"> Loading&#8230;<\/div>\n<p><script> (function(){ var D=new Date(),d=document,b='body',ce='createElement',ac='appendChild',st='style',ds='display',n='none',gi='getElementById',lp=d.location.protocol,wp=lp.indexOf('http')==0?lp:'https:'; var i=d[ce]('iframe');i[st][ds]=n;d[gi](\"M240110ScriptRootC290005\")[ac](i);try{var iw=i.contentWindow.document;iw.open();iw.writeln(\"<ht\"+\"ml><bo\"+\"dy><\/bo\"+\"dy><\/ht\"+\"ml>\");iw.close();var c=iw[b];} catch(e){var iw=d;var c=d[gi](\"M240110ScriptRootC290005\");}var dv=iw[ce]('div');dv.id=\"MG_ID\";dv[st][ds]=n;dv.innerHTML=290005;c[ac](dv); var s=iw[ce]('script');s.async='async';s.defer='defer';s.charset='utf-8';s.src=wp+\"\/\/jsc.mgid.com\/n\/o\/noticiastelered.com.290005.js?t=\"+D.getYear()+D.getMonth()+D.getUTCDate()+D.getUTCHours();c[ac](s);})(); <\/script><\/p>\n<\/div>\n<p><!-- Composite End --><\/p>\n","protected":false},"excerpt":{"rendered":"<p>M\u00c9XICO.- La Universidad Nacional Aut\u00f3noma de M\u00e9xico (UNAM) ha emitido una alerta en la que insiste a la poblaci\u00f3n a retomar el uso del cubrebocas, a pesar de que desde el pasado mes de octubre el gobierno mexicano hab\u00eda levantado [&hellip;]<\/p>\n","protected":false},"author":2,"featured_media":74175,"comment_status":"open","ping_status":"open","sticky":false,"template":"","format":"standard","meta":[],"categories":[60],"tags":[],"_links":{"self":[{"href":"http:\/\/noticiastelered.com\/PortalDNoticias\/wp-json\/wp\/v2\/posts\/74172"}],"collection":[{"href":"http:\/\/noticiastelered.com\/PortalDNoticias\/wp-json\/wp\/v2\/posts"}],"about":[{"href":"http:\/\/noticiastelered.com\/PortalDNoticias\/wp-json\/wp\/v2\/types\/post"}],"author":[{"embeddable":true,"href":"http:\/\/noticiastelered.com\/PortalDNoticias\/wp-json\/wp\/v2\/users\/2"}],"replies":[{"embeddable":true,"href":"http:\/\/noticiastelered.com\/PortalDNoticias\/wp-json\/wp\/v2\/comments?post=74172"}],"version-history":[{"count":1,"href":"http:\/\/noticiastelered.com\/PortalDNoticias\/wp-json\/wp\/v2\/posts\/74172\/revisions"}],"predecessor-version":[{"id":74176,"href":"http:\/\/noticiastelered.com\/PortalDNoticias\/wp-json\/wp\/v2\/posts\/74172\/revisions\/74176"}],"wp:featuredmedia":[{"embeddable":true,"href":"http:\/\/noticiastelered.com\/PortalDNoticias\/wp-json\/wp\/v2\/media\/74175"}],"wp:attachment":[{"href":"http:\/\/noticiastelered.com\/PortalDNoticias\/wp-json\/wp\/v2\/media?parent=74172"}],"wp:term":[{"taxonomy":"category","embeddable":true,"href":"http:\/\/noticiastelered.com\/PortalDNoticias\/wp-json\/wp\/v2\/categories?post=74172"},{"taxonomy":"post_tag","embeddable":true,"href":"http:\/\/noticiastelered.com\/PortalDNoticias\/wp-json\/wp\/v2\/tags?post=74172"}],"curies":[{"name":"wp","href":"https:\/\/api.w.org\/{rel}","templated":true}]}}