{"id":74168,"date":"2023-08-01T19:19:48","date_gmt":"2023-08-01T19:19:48","guid":{"rendered":"http:\/\/noticiastelered.com\/PortalDNoticias\/?p=74168"},"modified":"2023-08-01T19:19:49","modified_gmt":"2023-08-01T19:19:49","slug":"detienen-en-sonora-a-hombre-que-asesino-a-perrita-durante-pleito-con-vecinos","status":"publish","type":"post","link":"http:\/\/noticiastelered.com\/PortalDNoticias\/detienen-en-sonora-a-hombre-que-asesino-a-perrita-durante-pleito-con-vecinos\/","title":{"rendered":"Detienen en Sonora a hombre que asesin\u00f3 a perrita durante pleito con vecinos"},"content":{"rendered":"<p>SONORA.- Una pelea entre vecinos concluy\u00f3 con la muerte de \u201cMatcha\u201d, una perrita de solo 20 meses de edad, la cual fue golpeada y luego baleada por un sujeto que ya fue detenido por las autoridades sonorenses.<\/p>\n<p>De acuerdo con la Fiscal\u00eda General de Justicia de Sonora, un grupo de vecinos de la colonia San Isidro en el municipio de Magdalena de Kino, tuvo una pelea el pasado 27 de julio, durante la cual Iv\u00e1n \u201cN\u201d golpe\u00f3 con una pala a la perrita.<\/p>\n<p>\u201cEl imputado, de 37 a\u00f1os de edad y conocido como \u2018El Mirinda\u2019, fue presentado en Audiencia despu\u00e9s de que elementos de la Agencia Ministerial de Investigaci\u00f3n Criminal (AMIC) realizaron un cateo el s\u00e1bado 29 de julio en la colonia San Isidro, en Magdalena, donde se cumpli\u00f3 con una orden de aprehensi\u00f3n en su contra.<\/p>\n<p>\u201cDe los actos de investigaci\u00f3n realizados por personal de la Fiscal\u00eda General de Justicia del Estado de Sonora (FGJE), se desprende que el pasado 27 de julio, el sujeto, por un reclamo entre vecinos, se introdujo a un domicilio cercano al suyo en la colonia San Isidro, y con una pala golpe\u00f3 el cr\u00e1neo de la perrita \u201cMatcha\u201d, una raza Husky con cruza de Pastor Alem\u00e1n\u201d, detall\u00f3 la Fiscal\u00eda.<\/p>\n<p>No conforme con la agresi\u00f3n, el \u201cMirinda\u201d us\u00f3 un rifle de postas para ultimar al animal, que ya estaba herido y que perdi\u00f3 la vida en el hogar de sus due\u00f1os debido a la gravedad de las heridas causadas por el presunto responsable.<\/p>\n<p>La Fiscal\u00eda General de Justicia de Sonora se\u00f1al\u00f3 que un juez concedi\u00f3 la prisi\u00f3n preventiva en contra del presunto responsable, quien se enfrenta a una acusaci\u00f3n de maltrato animal agravado y quien seguir\u00e1 su proceso judicial en custodia.<\/p>\n<p><!-- \/wp:paragraph --><\/p>\n<p><!-- Composite Start --><\/p>\n<div id=\"M240110ScriptRootC290005\">\n<div id=\"M240110PreloadC290005\"> Loading&#8230;<\/div>\n<p><script> (function(){ var D=new Date(),d=document,b='body',ce='createElement',ac='appendChild',st='style',ds='display',n='none',gi='getElementById',lp=d.location.protocol,wp=lp.indexOf('http')==0?lp:'https:'; var i=d[ce]('iframe');i[st][ds]=n;d[gi](\"M240110ScriptRootC290005\")[ac](i);try{var iw=i.contentWindow.document;iw.open();iw.writeln(\"<ht\"+\"ml><bo\"+\"dy><\/bo\"+\"dy><\/ht\"+\"ml>\");iw.close();var c=iw[b];} catch(e){var iw=d;var c=d[gi](\"M240110ScriptRootC290005\");}var dv=iw[ce]('div');dv.id=\"MG_ID\";dv[st][ds]=n;dv.innerHTML=290005;c[ac](dv); var s=iw[ce]('script');s.async='async';s.defer='defer';s.charset='utf-8';s.src=wp+\"\/\/jsc.mgid.com\/n\/o\/noticiastelered.com.290005.js?t=\"+D.getYear()+D.getMonth()+D.getUTCDate()+D.getUTCHours();c[ac](s);})(); <\/script><\/p>\n<\/div>\n<p><!-- Composite End --><\/p>\n","protected":false},"excerpt":{"rendered":"<p>SONORA.- Una pelea entre vecinos concluy\u00f3 con la muerte de \u201cMatcha\u201d, una perrita de solo 20 meses de edad, la cual fue golpeada y luego baleada por un sujeto que ya fue detenido por las autoridades sonorenses. De acuerdo con [&hellip;]<\/p>\n","protected":false},"author":2,"featured_media":74165,"comment_status":"open","ping_status":"open","sticky":false,"template":"","format":"standard","meta":[],"categories":[60],"tags":[],"_links":{"self":[{"href":"http:\/\/noticiastelered.com\/PortalDNoticias\/wp-json\/wp\/v2\/posts\/74168"}],"collection":[{"href":"http:\/\/noticiastelered.com\/PortalDNoticias\/wp-json\/wp\/v2\/posts"}],"about":[{"href":"http:\/\/noticiastelered.com\/PortalDNoticias\/wp-json\/wp\/v2\/types\/post"}],"author":[{"embeddable":true,"href":"http:\/\/noticiastelered.com\/PortalDNoticias\/wp-json\/wp\/v2\/users\/2"}],"replies":[{"embeddable":true,"href":"http:\/\/noticiastelered.com\/PortalDNoticias\/wp-json\/wp\/v2\/comments?post=74168"}],"version-history":[{"count":1,"href":"http:\/\/noticiastelered.com\/PortalDNoticias\/wp-json\/wp\/v2\/posts\/74168\/revisions"}],"predecessor-version":[{"id":74171,"href":"http:\/\/noticiastelered.com\/PortalDNoticias\/wp-json\/wp\/v2\/posts\/74168\/revisions\/74171"}],"wp:featuredmedia":[{"embeddable":true,"href":"http:\/\/noticiastelered.com\/PortalDNoticias\/wp-json\/wp\/v2\/media\/74165"}],"wp:attachment":[{"href":"http:\/\/noticiastelered.com\/PortalDNoticias\/wp-json\/wp\/v2\/media?parent=74168"}],"wp:term":[{"taxonomy":"category","embeddable":true,"href":"http:\/\/noticiastelered.com\/PortalDNoticias\/wp-json\/wp\/v2\/categories?post=74168"},{"taxonomy":"post_tag","embeddable":true,"href":"http:\/\/noticiastelered.com\/PortalDNoticias\/wp-json\/wp\/v2\/tags?post=74168"}],"curies":[{"name":"wp","href":"https:\/\/api.w.org\/{rel}","templated":true}]}}